{"id":30003,"date":"2016-08-10T20:00:37","date_gmt":"2016-08-11T00:30:37","guid":{"rendered":"http:\/\/gradadigital.com\/home\/?p=30003"},"modified":"2016-08-11T02:03:21","modified_gmt":"2016-08-11T06:33:21","slug":"leo-gonzalez-nos-toca-ir-a-barranquilla-a-buscar-un-buen-resultado","status":"publish","type":"post","link":"http:\/\/gradadigital.com\/home\/leo-gonzalez-nos-toca-ir-a-barranquilla-a-buscar-un-buen-resultado\/","title":{"rendered":"Leo Gonz\u00e1lez: \u00abNos toca ir a Barranquilla a buscar un buen resultado\u00bb"},"content":{"rendered":"<p style=\"text-align: center;\"><img loading=\"lazy\" decoding=\"async\" class=\"alignnone size-full wp-image-30004\" src=\"http:\/\/gradadigital.com\/home\/wp-content\/uploads\/2016\/08\/leonardo_gonzalez_rdp_lara_junior_09082016.jpg\" alt=\"leonardo_gonzalez_rdp_lara_junior_09082016\" width=\"682\" height=\"455\" srcset=\"http:\/\/gradadigital.com\/home\/wp-content\/uploads\/2016\/08\/leonardo_gonzalez_rdp_lara_junior_09082016.jpg 682w, http:\/\/gradadigital.com\/home\/wp-content\/uploads\/2016\/08\/leonardo_gonzalez_rdp_lara_junior_09082016-300x200.jpg 300w\" sizes=\"auto, (max-width: 682px) 100vw, 682px\" \/><\/p>\n<p style=\"text-align: justify;\"><strong>Prensa Deportivo Lara &#8211;\u00a0<\/strong>El Deportivo Lara termin\u00f3 cayendo en su partido de ida de la Copa Sudamericana en casa con un marcador 1-3 ante Junior de Barranquilla, siendo la primera derrota del equipo larense en casa desde que disputa este certamen desde el a\u00f1o 2010, postpartido el director t\u00e9cnico Leonardo Gonz\u00e1lez dio a conocer sus impresiones con respecto al partido.<\/p>\n<p style=\"text-align: justify;\"><strong>\u00abFue un segundo tiempo de m\u00e1s errores de nosotros que virtudes de ellos, perdimos un partido bien manejado, no hab\u00eda ocasiones de gol, estaba el equipo bien equilibrado, est\u00e1bamos intentando manejar la presi\u00f3n alta para que no salieran jugando, pero hoy debutaron muchos jugadores en un evento internacional en el \u00e1mbito del Lara, eso no fue f\u00e1cil, porque casi siempre complica un poco, pero me voy tranquilo por las ganas, lo que hicieron, lamentablemente las equivocaciones a nivel internacional se pagan caro\u00bb,<\/strong> destac\u00f3 el t\u00e9cnico Gonz\u00e1lez en rueda de prensa.<\/p>\n<p style=\"text-align: justify;\">El marcador lo abri\u00f3 el equipo visitante por intermedio de Ovelar, pero r\u00e1pidamente el cuadro larense respondi\u00f3 con un contraataque por medio de Velasco que asisti\u00f3 a su compa\u00f1ero Hern\u00e1ndez que no perdon\u00f3, para darle el empate a su equipo. A partir de all\u00ed el equilibrio del conjunto local fue mejorando permitiendo culminar con una buena primera parte.<\/p>\n<p style=\"text-align: justify;\"><strong>\u00abCuando te equivocas las terminas recogiendo adentro, fueron tres errores, el primero de ellos un error en la marca, el segundo el portero trat\u00f3 de adivinar el portero y el tercero una pelota saliendo que perdemos\u00bb, <\/strong>detall\u00f3 el entrenador rojinegro con respecto a los goles recibidos. <strong>\u00abEl equipo estuvo bien ordenado y manejado, pero lamentablemente perdemos un partido incre\u00edble\u00bb.<\/strong><\/p>\n<p style=\"text-align: justify;\">Mientras que con respecto a la actuaci\u00f3n en lo colectivo, el DT destac\u00f3 lo positivo de su equipo debido a la buena actitud que han venido mostrando los jugadores desde su llegada al plantel larense.<\/p>\n<p style=\"text-align: justify;\"><strong>\u00abHoy (Ayer) vi un equipo comprometido que se entreg\u00f3 y se sacrific\u00f3, por esa parte me voy muy tranquilo y como les digo yo a ellos ahora nos toca ir a Barranquilla a buscar un buen resultado y despu\u00e9s pensar en el campeonato local, donde el equipo ha subido el nivel, ya tenemos seis puntos en dos partidos que nos cost\u00f3 sumar, por eso debemos tener un norte y los objetivos claros, por eso creo que tenemos elementos para seguir adelante\u00bb.\u00a0<\/strong><\/p>\n<p style=\"text-align: justify;\">Mientras que el jugador, Henri Pern\u00eda coment\u00f3. <strong>\u00abHoy estuvimos bien ordenados durante todo el partido, pero hubo etapas del juego que cometimos errores que la pagamos caro y por all\u00ed los dos partidos de local mantuvimos la porter\u00eda en cero, pero hoy no fue as\u00ed, pero aun la llave para nosotros sigue abierta\u00bb.<\/strong><\/p>\n<p style=\"text-align: justify;\">Con relaci\u00f3n a la actitud de sus compa\u00f1eros y lo positivo el defensor declar\u00f3 lo siguiente. <strong>\u00abTenemos que irnos con la buena sensaci\u00f3n que lo que plante\u00f3 el profesor con respecto a la presi\u00f3n sali\u00f3, lo que hizo que en un primer tiempo que ellos no pudieran salir con facilidad, aun as\u00ed siento que debemos seguir mejorando \u00a0lo de hoy\u00bb.<\/strong><\/p>\n<p style=\"text-align: justify;\">El pr\u00f3ximo encuentro del Deportivo Lara ser\u00e1 el martes en el estadio Metropolitano Roberto Mel\u00e9ndez del vecino pa\u00eds, donde buscar\u00e1n un resultado favorable para seguir peleando en copas internacionales.<\/p>\n","protected":false},"excerpt":{"rendered":"<p>Prensa Deportivo Lara &#8211;\u00a0El Deportivo Lara termin\u00f3 cayendo en su partido de ida de la Copa Sudamericana en casa con un marcador 1-3 ante Junior de Barranquilla, siendo la primera derrota del equipo larense en casa desde que disputa este certamen desde el a\u00f1o 2010, postpartido el director t\u00e9cnico Leonardo Gonz\u00e1lez dio a conocer sus &#8230;<\/p>\n","protected":false},"author":4,"featured_media":30004,"comment_status":"closed","ping_status":"closed","sticky":false,"template":"","format":"standard","meta":{"footnotes":""},"categories":[752,8,38],"tags":[],"class_list":["post-30003","post","type-post","status-publish","format-standard","has-post-thumbnail","hentry","category-appgd","category-cd-lara","category-copa-sudamericana"],"_links":{"self":[{"href":"http:\/\/gradadigital.com\/home\/wp-json\/wp\/v2\/posts\/30003","targetHints":{"allow":["GET"]}}],"collection":[{"href":"http:\/\/gradadigital.com\/home\/wp-json\/wp\/v2\/posts"}],"about":[{"href":"http:\/\/gradadigital.com\/home\/wp-json\/wp\/v2\/types\/post"}],"author":[{"embeddable":true,"href":"http:\/\/gradadigital.com\/home\/wp-json\/wp\/v2\/users\/4"}],"replies":[{"embeddable":true,"href":"http:\/\/gradadigital.com\/home\/wp-json\/wp\/v2\/comments?post=30003"}],"version-history":[{"count":1,"href":"http:\/\/gradadigital.com\/home\/wp-json\/wp\/v2\/posts\/30003\/revisions"}],"predecessor-version":[{"id":30005,"href":"http:\/\/gradadigital.com\/home\/wp-json\/wp\/v2\/posts\/30003\/revisions\/30005"}],"wp:featuredmedia":[{"embeddable":true,"href":"http:\/\/gradadigital.com\/home\/wp-json\/wp\/v2\/media\/30004"}],"wp:attachment":[{"href":"http:\/\/gradadigital.com\/home\/wp-json\/wp\/v2\/media?parent=30003"}],"wp:term":[{"taxonomy":"category","embeddable":true,"href":"http:\/\/gradadigital.com\/home\/wp-json\/wp\/v2\/categories?post=30003"},{"taxonomy":"post_tag","embeddable":true,"href":"http:\/\/gradadigital.com\/home\/wp-json\/wp\/v2\/tags?post=30003"}],"curies":[{"name":"wp","href":"https:\/\/api.w.org\/{rel}","templated":true}]}}