{"id":29997,"date":"2016-08-11T00:08:24","date_gmt":"2016-08-11T04:38:24","guid":{"rendered":"http:\/\/gradadigital.com\/home\/?p=29997"},"modified":"2016-08-12T00:03:12","modified_gmt":"2016-08-12T04:33:12","slug":"soteldo-guia-al-zamora-fc-a-una-importante-igualdad-en-guayaquil","status":"publish","type":"post","link":"http:\/\/gradadigital.com\/home\/soteldo-guia-al-zamora-fc-a-una-importante-igualdad-en-guayaquil\/","title":{"rendered":"Soteldo gu\u00eda al Zamora a una importante igualdad en Guayaquil"},"content":{"rendered":"<p style=\"text-align: center;\"><img loading=\"lazy\" decoding=\"async\" class=\"alignnone size-full wp-image-30016\" src=\"http:\/\/gradadigital.com\/home\/wp-content\/uploads\/2016\/08\/yeferson_soteldo_barcelonasc_zamora_10082016_2.jpg\" alt=\"yeferson_soteldo_barcelonasc_zamora_10082016_2\" width=\"682\" height=\"455\" srcset=\"http:\/\/gradadigital.com\/home\/wp-content\/uploads\/2016\/08\/yeferson_soteldo_barcelonasc_zamora_10082016_2.jpg 682w, http:\/\/gradadigital.com\/home\/wp-content\/uploads\/2016\/08\/yeferson_soteldo_barcelonasc_zamora_10082016_2-300x200.jpg 300w\" sizes=\"auto, (max-width: 682px) 100vw, 682px\" \/><\/p>\n<p style=\"text-align: justify;\"><strong>EFE\u00a0&#8211;<\/strong> El centrocampista Yeferson Soteldo, con gol de penalti, le dio este mi\u00e9rcoles el empate 1-1 al Zamora en su visita a Barcelona en Guayaquil, en el partido de ida por la primera fase de la Copa Sudamericana.<\/p>\n<p style=\"text-align: justify;\">Soteldo, incontrolable para el onceno local, sell\u00f3 su juego con la anotaci\u00f3n del gol del empate en el minuto 81, luego de que su equipo estuviera abajo en el marcador gracias a una chilena de Washington Vera, a los 53.<\/p>\n<p style=\"text-align: justify;\">La velocidad y precisi\u00f3n en el toque de bal\u00f3n desde su propia zona terminaron favoreciendo en el volumen de juego al Zamora durante el primer tiempo, en el que sobresalieron Ovalle, Soteldo, Blanco y Clarke.<\/p>\n<p style=\"text-align: justify;\">En la segunda parte Vera anot\u00f3 un golazo. Una chilena precisa al costado izquierdo del portero, tras una gran jugada entre D\u00edaz y Oyola, que centr\u00f3 para la maniobra acrob\u00e1tica del ecuatoriano al minuto 53.<\/p>\n<p style=\"text-align: center;\"><img loading=\"lazy\" decoding=\"async\" class=\"alignnone size-full wp-image-29998\" src=\"http:\/\/gradadigital.com\/home\/wp-content\/uploads\/2016\/08\/yeferson_soteldo_barcelonasc_zamora_10082016.jpg\" alt=\"yeferson_soteldo_barcelonasc_zamora_10082016\" width=\"682\" height=\"455\" srcset=\"http:\/\/gradadigital.com\/home\/wp-content\/uploads\/2016\/08\/yeferson_soteldo_barcelonasc_zamora_10082016.jpg 682w, http:\/\/gradadigital.com\/home\/wp-content\/uploads\/2016\/08\/yeferson_soteldo_barcelonasc_zamora_10082016-300x200.jpg 300w\" sizes=\"auto, (max-width: 682px) 100vw, 682px\" \/><\/p>\n<p style=\"text-align: justify;\">El vertical derecho neg\u00f3 el empate venezolano tras un disparo de Soteldo, tras un veloz contraataque en el 64.<\/p>\n<p style=\"text-align: justify;\">Despu\u00e9s, Alvez burl\u00f3 la marcaci\u00f3n de varios defensas y de media vuelta enfil\u00f3 un remate colocado al costado derecho, pero el bal\u00f3n rebot\u00f3 en el vertical.<\/p>\n<p style=\"text-align: justify;\">Hasta que lleg\u00f3 el empate del Zamora por intermedio de Soteldo, de penalti en el 81, tras una falta de Roosevelt Oyola sobre el paname\u00f1o Clarke.<\/p>\n<p style=\"text-align: justify;\"><strong><span style=\"text-decoration: underline;\">Ficha T\u00e9cnica<\/span>:<br \/>\nBarcelona (1):<\/strong> M\u00e1ximo Banguera; Pedro Velasco, Dar\u00edo Aimar, Anderson Ord\u00f3\u00f1ez, Roosevelt Oyola (m.83, Tito Valencia); Gabriel Marques, Mat\u00edas Oyola, Ely Esterilla (m.79, Erick Castillo), Washington Vera (m.72, Marcos Caicedo); Dami\u00e1n D\u00edaz y Jonathan Alvez. <strong>DT:<\/strong> Guillermo Almada.<\/p>\n<p style=\"text-align: justify;\"><strong>Zamora (1):<\/strong> Carlos Salazar, \u00c1ngel Far\u00eda, Edwin Peraza, Yordan Osorio, Luis Ovalle; \u00d3scar Hern\u00e1ndez, Luis Vargas, Ricardo Clarke (m.90, C\u00e9sar Mart\u00ednez), Pedro Ram\u00edrez (m.86, Ynmer Gonz\u00e1lez), Yeferson Soteldo y Richard Blanco (m.69, Sebasti\u00e1n Contreras). <strong>DT:<\/strong> Francesco Stifano.<\/p>\n<p style=\"text-align: justify;\"><strong>Goles:<\/strong> 1-0, m.53: Washington Vera. 1-1, m.81: Yeferson Soteldo, de penalti.<br \/>\n<strong>\u00c1rbitro:<\/strong>\u00a0El uruguayo \u00d3scar Rojas amonest\u00f3 a Peraza, Marques, Vera, R. Oyola, Soteldo y Valencia.<br \/>\n<strong>Incidencias:<\/strong>\u00a0Partido de ida de la primera fase de la Copa Sudamericana disputado en el estadio Monumental.<\/p>\n","protected":false},"excerpt":{"rendered":"<p>EFE\u00a0&#8211; El centrocampista Yeferson Soteldo, con gol de penalti, le dio este mi\u00e9rcoles el empate 1-1 al Zamora en su visita a Barcelona en Guayaquil, en el partido de ida por la primera fase de la Copa Sudamericana. Soteldo, incontrolable para el onceno local, sell\u00f3 su juego con la anotaci\u00f3n del gol del empate en &#8230;<\/p>\n","protected":false},"author":4,"featured_media":29998,"comment_status":"closed","ping_status":"closed","sticky":false,"template":"","format":"standard","meta":{"footnotes":""},"categories":[752,38,36,21],"tags":[],"class_list":["post-29997","post","type-post","status-publish","format-standard","has-post-thumbnail","hentry","category-appgd","category-copa-sudamericana","category-internacional","category-zamora-fc"],"_links":{"self":[{"href":"http:\/\/gradadigital.com\/home\/wp-json\/wp\/v2\/posts\/29997","targetHints":{"allow":["GET"]}}],"collection":[{"href":"http:\/\/gradadigital.com\/home\/wp-json\/wp\/v2\/posts"}],"about":[{"href":"http:\/\/gradadigital.com\/home\/wp-json\/wp\/v2\/types\/post"}],"author":[{"embeddable":true,"href":"http:\/\/gradadigital.com\/home\/wp-json\/wp\/v2\/users\/4"}],"replies":[{"embeddable":true,"href":"http:\/\/gradadigital.com\/home\/wp-json\/wp\/v2\/comments?post=29997"}],"version-history":[{"count":6,"href":"http:\/\/gradadigital.com\/home\/wp-json\/wp\/v2\/posts\/29997\/revisions"}],"predecessor-version":[{"id":30077,"href":"http:\/\/gradadigital.com\/home\/wp-json\/wp\/v2\/posts\/29997\/revisions\/30077"}],"wp:featuredmedia":[{"embeddable":true,"href":"http:\/\/gradadigital.com\/home\/wp-json\/wp\/v2\/media\/29998"}],"wp:attachment":[{"href":"http:\/\/gradadigital.com\/home\/wp-json\/wp\/v2\/media?parent=29997"}],"wp:term":[{"taxonomy":"category","embeddable":true,"href":"http:\/\/gradadigital.com\/home\/wp-json\/wp\/v2\/categories?post=29997"},{"taxonomy":"post_tag","embeddable":true,"href":"http:\/\/gradadigital.com\/home\/wp-json\/wp\/v2\/tags?post=29997"}],"curies":[{"name":"wp","href":"https:\/\/api.w.org\/{rel}","templated":true}]}}