{"id":29975,"date":"2016-08-10T11:02:14","date_gmt":"2016-08-10T15:32:14","guid":{"rendered":"http:\/\/gradadigital.com\/home\/?p=29975"},"modified":"2016-08-10T11:02:14","modified_gmt":"2016-08-10T15:32:14","slug":"rolf-feltscher-nosotros-ahorita-despues-de-una-muy-buena-copa-estamos-muy-bien","status":"publish","type":"post","link":"http:\/\/gradadigital.com\/home\/rolf-feltscher-nosotros-ahorita-despues-de-una-muy-buena-copa-estamos-muy-bien\/","title":{"rendered":"Rolf Feltscher: \u00abNosotros ahorita despu\u00e9s de una muy buena Copa estamos muy bien\u00bb"},"content":{"rendered":"<p style=\"text-align: center;\"><img loading=\"lazy\" decoding=\"async\" class=\"alignnone size-full wp-image-29976\" src=\"http:\/\/gradadigital.com\/home\/wp-content\/uploads\/2016\/08\/rolf_feltscher_rafael_dudamel_09082016.jpg\" alt=\"rolf_feltscher_rafael_dudamel_09082016\" width=\"682\" height=\"455\" srcset=\"http:\/\/gradadigital.com\/home\/wp-content\/uploads\/2016\/08\/rolf_feltscher_rafael_dudamel_09082016.jpg 682w, http:\/\/gradadigital.com\/home\/wp-content\/uploads\/2016\/08\/rolf_feltscher_rafael_dudamel_09082016-300x200.jpg 300w\" sizes=\"auto, (max-width: 682px) 100vw, 682px\" \/><\/p>\n<p style=\"text-align: justify;\"><strong>Prensa Vinotinto \/ Madrid &#8211;\u00a0<\/strong>Rolf Feltscher comparti\u00f3 este martes con el seleccionador nacional, Rafael Dudamel, y el asistente t\u00e9cnico, Marcos Math\u00edas, en Madrid y luego del c\u00f3nclave habl\u00f3 de su presente y los pr\u00f3ximos partidos que le viene a la Vinotinto.<\/p>\n<p style=\"text-align: justify;\">\u201cEstoy muy feliz por estar aqu\u00ed, por sentirme de nuevo cerca a la selecci\u00f3n y a lo que va a venir ahorita. Hablamos muchas cosas de los partidos que est\u00e1n por venir y estoy muy motivado\u201d, dijo de entrada el defensor, que record\u00f3 que la selecci\u00f3n nacional llegar\u00e1 en buena forma a los partidos del premundial.<\/p>\n<p style=\"text-align: justify;\">\u201cNosotros ahorita despu\u00e9s de una muy buena Copa estamos muy bien. Tenemos jugadores muy buenos y sabemos que podemos competir con cualquier equipo. Tenemos un gran grupo, no solo por la calidad de jugadores sino por la calidad de personas. Cada uno tiene que trabajar lo m\u00e1s duro posible en su club para llegar al m\u00e1ximo a los partidos importantes que se vienen (en la eliminatoria)\u201d, apunt\u00f3.<\/p>\n<p style=\"text-align: justify;\">El grupo llegar\u00e1 con el \u00e1nimo alto y con la idea adelantada, no solo por lo hecho en la Copa Am\u00e9rica Centenario, sino por las reuniones que est\u00e1n sosteniendo antes de la fecha FIFA. \u201cMotivan bastante (estas reuniones), aunque el simple hecho de la eliminatoria ya motiva y mucho. Es bello tener esta oportunidad, estamos muy motivados todos los jugadores y trataremos de estar lo mejor posible para lo que viene\u201d<\/p>\n<p style=\"text-align: justify;\">Sobre la estrategia, Feltscher adelant\u00f3 que ir\u00e1n partido a partido y sin mirar atr\u00e1s: \u201cLo que queremos nosotros es ganar puntos en todos los partidos que tengamos, obviamente si lo hacemos lo mejor posible agarraremos puntos y conseguiremos lo que necesitamos y estamos buscando\u201d.<\/p>\n<p style=\"text-align: justify;\">En lo personal Rolf tambi\u00e9n tiene motivos para mirar la reanudaci\u00f3n de la eliminatoria con ambici\u00f3n, pues busca consolidarse con la selecci\u00f3n nacional. \u201cPienso que una buena Copa Am\u00e9rica a cualquier jugador le hace bien, pero esto ya pas\u00f3. Fue una muy buena experiencia, espero que la pr\u00f3xima vez pueda hacerlo incluso mejor. Ahora viene la eliminatoria, as\u00ed que tengo el foco puesto en eso\u201d, dijo.<\/p>\n<p style=\"text-align: justify;\"><strong>Un nuevo reto<\/strong><\/p>\n<p style=\"text-align: justify;\">Rolf Feltscher firm\u00f3 con Getafe para esta temporada y espera que su paso al f\u00fatbol espa\u00f1ol lo ayude a seguir creciendo. \u201cEs una nueva experiencia, una nueva etapa que quiero asumir con muchas ganas y con fe de que todo va a salir bien. Estoy muy motivado por estar aqu\u00ed en Espa\u00f1a, en un nuevo club, quiero hacerlo lo mejor posible\u201d, destac\u00f3 el defensor, que aprovech\u00f3 para agradecer el apoyo de la fanaticada criollo. \u00a0\u201cQuiero agradecer por el apoyo, el sentir que un pa\u00eds entero est\u00e1 viendo lo que est\u00e1s haciendo es muy bello\u201d, concluy\u00f3.<\/p>\n","protected":false},"excerpt":{"rendered":"<p>Prensa Vinotinto \/ Madrid &#8211;\u00a0Rolf Feltscher comparti\u00f3 este martes con el seleccionador nacional, Rafael Dudamel, y el asistente t\u00e9cnico, Marcos Math\u00edas, en Madrid y luego del c\u00f3nclave habl\u00f3 de su presente y los pr\u00f3ximos partidos que le viene a la Vinotinto. \u201cEstoy muy feliz por estar aqu\u00ed, por sentirme de nuevo cerca a la selecci\u00f3n &#8230;<\/p>\n","protected":false},"author":4,"featured_media":29976,"comment_status":"closed","ping_status":"closed","sticky":false,"template":"","format":"standard","meta":{"footnotes":""},"categories":[752,40,3],"tags":[],"class_list":["post-29975","post","type-post","status-publish","format-standard","has-post-thumbnail","hentry","category-appgd","category-seleccion-nacional-mayores","category-seleccion-nacional"],"_links":{"self":[{"href":"http:\/\/gradadigital.com\/home\/wp-json\/wp\/v2\/posts\/29975","targetHints":{"allow":["GET"]}}],"collection":[{"href":"http:\/\/gradadigital.com\/home\/wp-json\/wp\/v2\/posts"}],"about":[{"href":"http:\/\/gradadigital.com\/home\/wp-json\/wp\/v2\/types\/post"}],"author":[{"embeddable":true,"href":"http:\/\/gradadigital.com\/home\/wp-json\/wp\/v2\/users\/4"}],"replies":[{"embeddable":true,"href":"http:\/\/gradadigital.com\/home\/wp-json\/wp\/v2\/comments?post=29975"}],"version-history":[{"count":1,"href":"http:\/\/gradadigital.com\/home\/wp-json\/wp\/v2\/posts\/29975\/revisions"}],"predecessor-version":[{"id":29977,"href":"http:\/\/gradadigital.com\/home\/wp-json\/wp\/v2\/posts\/29975\/revisions\/29977"}],"wp:featuredmedia":[{"embeddable":true,"href":"http:\/\/gradadigital.com\/home\/wp-json\/wp\/v2\/media\/29976"}],"wp:attachment":[{"href":"http:\/\/gradadigital.com\/home\/wp-json\/wp\/v2\/media?parent=29975"}],"wp:term":[{"taxonomy":"category","embeddable":true,"href":"http:\/\/gradadigital.com\/home\/wp-json\/wp\/v2\/categories?post=29975"},{"taxonomy":"post_tag","embeddable":true,"href":"http:\/\/gradadigital.com\/home\/wp-json\/wp\/v2\/tags?post=29975"}],"curies":[{"name":"wp","href":"https:\/\/api.w.org\/{rel}","templated":true}]}}