{"id":29966,"date":"2016-08-09T23:36:14","date_gmt":"2016-08-10T04:06:14","guid":{"rendered":"http:\/\/gradadigital.com\/home\/?p=29966"},"modified":"2016-08-10T10:52:32","modified_gmt":"2016-08-10T15:22:32","slug":"fotos-asi-el-zamora-fc-llego-y-entreno-en-guayaquil","status":"publish","type":"post","link":"http:\/\/gradadigital.com\/home\/fotos-asi-el-zamora-fc-llego-y-entreno-en-guayaquil\/","title":{"rendered":"+FOTOS | As\u00ed el Zamora FC lleg\u00f3 y entren\u00f3 en Guayaquil"},"content":{"rendered":"<p style=\"text-align: center;\"><img loading=\"lazy\" decoding=\"async\" class=\"alignnone size-full wp-image-29967\" src=\"http:\/\/gradadigital.com\/home\/wp-content\/uploads\/2016\/08\/francesco_stifano_entrenamiento_zamora_guayaquil_09082016.jpg\" alt=\"francesco_stifano_entrenamiento_zamora_guayaquil_09082016\" width=\"682\" height=\"455\" srcset=\"http:\/\/gradadigital.com\/home\/wp-content\/uploads\/2016\/08\/francesco_stifano_entrenamiento_zamora_guayaquil_09082016.jpg 682w, http:\/\/gradadigital.com\/home\/wp-content\/uploads\/2016\/08\/francesco_stifano_entrenamiento_zamora_guayaquil_09082016-300x200.jpg 300w\" sizes=\"auto, (max-width: 682px) 100vw, 682px\" \/><\/p>\n<p style=\"text-align: justify;\"><b>Freddy Bautista | Prensa Zamora FC,\u00a0<\/b><b>Guayaquil |<\/b>\u00a0El actual campe\u00f3n del balompi\u00e9 nacional, Zamora F\u00fatbol Club, aterriz\u00f3 en suelo ecuatoriano en horas de la noche de este martes donde ya pone su mirada de cerca sobre Barcelona Sporting Club, contrincante al que buscar\u00e1 aguarle la fiesta en su feudo en lo que ser\u00e1 el partido de ida por Copa Sudamericana, que est\u00e1 pautado para las 9:15 pm hora local y 10:15 pm hora venezolana.<\/p>\n<p style=\"text-align: justify;\">Ubicado en la avenida Barcelona, entre el barrio San Eduardo y barrio Bella Vista, al oeste de la ciudad litoral, se encuentra el estadio Monumental Isidro Romero Carbo, casa del Barcelona SC, que ser\u00e1 el rival de esta noche del blanquinegro, que pudo hacer el reconocimiento de campo alrededor de las 9:30 pm (hora local) y que adem\u00e1s realiz\u00f3 una breve pr\u00e1ctica previo al duelo de hoy por Copa Sudamericana.<\/p>\n<p style=\"text-align: justify;\">Como dato curioso, Francesco Stifano tiene en convocatoria a un jugador que fue una pesadilla para el conjunto amarillo, su nombre es Richard Blanco. El delantero zamorano en la Copa Sudamericana 2013, fue pieza fundamental para la eliminaci\u00f3n de Barcelona SC en esa edici\u00f3n, pues le anot\u00f3 dos tantos que fueron lapidarios, en aquel momento vistiendo la camiseta de Mineros de Guayana que se impuso (0-2) en Ecuador para avanzar de fase.<\/p>\n<p style=\"text-align: justify;\">Para este compromiso la Furia Llanera viaj\u00f3 con el plantel completo y no cuenta con ninguna baja para el duelo que tendr\u00e1 a la terna arbitral comandada por el principal \u00d3scar Rojas, asistido por Mauricio Espinosa, Horacio Ferreiro y Leodan Gonz\u00e1lez; todos de Uruguay.<\/p>\n<p style=\"text-align: justify;\"><b>Convocatoria:<\/b><\/p>\n<p style=\"text-align: justify;\"><b>Porteros:\u00a0<\/b>Luis Curiel y Carlos Salazar.<\/p>\n<p style=\"text-align: justify;\"><b>Defensas:\u00a0<\/b>\u00c1ngel Far\u00eda, Luis Ovalle, Ren\u00e9 Flores, Yordan Osorio y Edwin Peraza.<\/p>\n<p style=\"text-align: justify;\"><b>Mediocampistas:\u00a0<\/b>Luis Vargas, Ynmer Gonz\u00e1lez, Ronaldo Lucena, Yeferson Soteldo, \u00d3scar Hern\u00e1ndez, Pedro Ram\u00edrez y Sebasti\u00e1n Contreras.<\/p>\n<p style=\"text-align: justify;\"><b>Delanteros:\u00a0<\/b>C\u00e9sar Mart\u00ednez, Richard Blanco, Ricardo Clarke y Erickson Gallardo.<\/p>\n<p style=\"text-align: center;\"><img loading=\"lazy\" decoding=\"async\" class=\"alignnone size-full wp-image-29969\" src=\"http:\/\/gradadigital.com\/home\/wp-content\/uploads\/2016\/08\/yeferson_soteldo_aficionados_zamora_guayaquil_09082016.jpg\" alt=\"yeferson_soteldo_aficionados_zamora_guayaquil_09082016\" width=\"682\" height=\"455\" srcset=\"http:\/\/gradadigital.com\/home\/wp-content\/uploads\/2016\/08\/yeferson_soteldo_aficionados_zamora_guayaquil_09082016.jpg 682w, http:\/\/gradadigital.com\/home\/wp-content\/uploads\/2016\/08\/yeferson_soteldo_aficionados_zamora_guayaquil_09082016-300x200.jpg 300w\" sizes=\"auto, (max-width: 682px) 100vw, 682px\" \/><\/p>\n<p style=\"text-align: center;\"><img loading=\"lazy\" decoding=\"async\" class=\"alignnone size-full wp-image-29968\" src=\"http:\/\/gradadigital.com\/home\/wp-content\/uploads\/2016\/08\/aficionados_zamora_guayaquil_09082016.jpg\" alt=\"aficionados_zamora_guayaquil_09082016\" width=\"682\" height=\"455\" srcset=\"http:\/\/gradadigital.com\/home\/wp-content\/uploads\/2016\/08\/aficionados_zamora_guayaquil_09082016.jpg 682w, http:\/\/gradadigital.com\/home\/wp-content\/uploads\/2016\/08\/aficionados_zamora_guayaquil_09082016-300x200.jpg 300w\" sizes=\"auto, (max-width: 682px) 100vw, 682px\" \/><\/p>\n<p style=\"text-align: center;\"><img loading=\"lazy\" decoding=\"async\" class=\"alignnone size-full wp-image-29971\" src=\"http:\/\/gradadigital.com\/home\/wp-content\/uploads\/2016\/08\/ricardo_clarke_entrenamiento_zamora_guayaquil_09082016.jpg\" alt=\"ricardo_clarke_entrenamiento_zamora_guayaquil_09082016\" width=\"682\" height=\"455\" srcset=\"http:\/\/gradadigital.com\/home\/wp-content\/uploads\/2016\/08\/ricardo_clarke_entrenamiento_zamora_guayaquil_09082016.jpg 682w, http:\/\/gradadigital.com\/home\/wp-content\/uploads\/2016\/08\/ricardo_clarke_entrenamiento_zamora_guayaquil_09082016-300x200.jpg 300w\" sizes=\"auto, (max-width: 682px) 100vw, 682px\" \/><\/p>\n","protected":false},"excerpt":{"rendered":"<p>Freddy Bautista | Prensa Zamora FC,\u00a0Guayaquil |\u00a0El actual campe\u00f3n del balompi\u00e9 nacional, Zamora F\u00fatbol Club, aterriz\u00f3 en suelo ecuatoriano en horas de la noche de este martes donde ya pone su mirada de cerca sobre Barcelona Sporting Club, contrincante al que buscar\u00e1 aguarle la fiesta en su feudo en lo que ser\u00e1 el partido de &#8230;<\/p>\n","protected":false},"author":4,"featured_media":29967,"comment_status":"closed","ping_status":"closed","sticky":false,"template":"","format":"standard","meta":{"footnotes":""},"categories":[752,38,21],"tags":[],"class_list":["post-29966","post","type-post","status-publish","format-standard","has-post-thumbnail","hentry","category-appgd","category-copa-sudamericana","category-zamora-fc"],"_links":{"self":[{"href":"http:\/\/gradadigital.com\/home\/wp-json\/wp\/v2\/posts\/29966","targetHints":{"allow":["GET"]}}],"collection":[{"href":"http:\/\/gradadigital.com\/home\/wp-json\/wp\/v2\/posts"}],"about":[{"href":"http:\/\/gradadigital.com\/home\/wp-json\/wp\/v2\/types\/post"}],"author":[{"embeddable":true,"href":"http:\/\/gradadigital.com\/home\/wp-json\/wp\/v2\/users\/4"}],"replies":[{"embeddable":true,"href":"http:\/\/gradadigital.com\/home\/wp-json\/wp\/v2\/comments?post=29966"}],"version-history":[{"count":1,"href":"http:\/\/gradadigital.com\/home\/wp-json\/wp\/v2\/posts\/29966\/revisions"}],"predecessor-version":[{"id":29972,"href":"http:\/\/gradadigital.com\/home\/wp-json\/wp\/v2\/posts\/29966\/revisions\/29972"}],"wp:featuredmedia":[{"embeddable":true,"href":"http:\/\/gradadigital.com\/home\/wp-json\/wp\/v2\/media\/29967"}],"wp:attachment":[{"href":"http:\/\/gradadigital.com\/home\/wp-json\/wp\/v2\/media?parent=29966"}],"wp:term":[{"taxonomy":"category","embeddable":true,"href":"http:\/\/gradadigital.com\/home\/wp-json\/wp\/v2\/categories?post=29966"},{"taxonomy":"post_tag","embeddable":true,"href":"http:\/\/gradadigital.com\/home\/wp-json\/wp\/v2\/tags?post=29966"}],"curies":[{"name":"wp","href":"https:\/\/api.w.org\/{rel}","templated":true}]}}