{"id":29932,"date":"2016-08-08T12:34:05","date_gmt":"2016-08-08T17:04:05","guid":{"rendered":"http:\/\/gradadigital.com\/home\/?p=29932"},"modified":"2016-08-08T21:04:59","modified_gmt":"2016-08-09T01:34:59","slug":"rio-2016-gabriel-maestre-avanza-a-octavos-de-final-en-los-juegos-olimpicos","status":"publish","type":"post","link":"http:\/\/gradadigital.com\/home\/rio-2016-gabriel-maestre-avanza-a-octavos-de-final-en-los-juegos-olimpicos\/","title":{"rendered":"Rio 2016 | Gabriel Maestre avanza a octavos de final en los Juegos Ol\u00edmpicos"},"content":{"rendered":"<p style=\"text-align: center;\"><img loading=\"lazy\" decoding=\"async\" class=\"alignnone size-full wp-image-29933\" src=\"http:\/\/gradadigital.com\/home\/wp-content\/uploads\/2016\/08\/gabriel_maestre_boxeo_rio2016_08082016.jpg\" alt=\"gabriel_maestre_boxeo_rio2016_08082016\" width=\"682\" height=\"455\" srcset=\"http:\/\/gradadigital.com\/home\/wp-content\/uploads\/2016\/08\/gabriel_maestre_boxeo_rio2016_08082016.jpg 682w, http:\/\/gradadigital.com\/home\/wp-content\/uploads\/2016\/08\/gabriel_maestre_boxeo_rio2016_08082016-300x200.jpg 300w\" sizes=\"auto, (max-width: 682px) 100vw, 682px\" \/><\/p>\n<p style=\"text-align: justify;\"><strong>GradaDigital.com &#8211;<\/strong> El boxeador venezolano Gabriel Maestre gan\u00f3 este lunes, 8 de agosto, 2-1 en la Eliminatoria\u00a0de 32 del &#8216;peso w\u00e9lter 69 kilogramos masculino&#8217;,\u00a0en su primer combate de los Juegos Ol\u00edmpicos R\u00edo 2016.<\/p>\n<p style=\"text-align: justify;\">El capit\u00e1n de la selecci\u00f3n nacional derrot\u00f3 al alem\u00e1n Arajik Marutjan por decisi\u00f3n dividida (2-1). De esta manera avanza a los Octavos de Final\u00a0del torneo ol\u00edmpico, en el\u00a0que enfrentar\u00e1 al italiano Vincenzo Mangiacapre el pr\u00f3ximo jueves\u00a011.<\/p>\n<p style=\"text-align: justify;\">Maestre es el actual campe\u00f3n w\u00e9lter de los Juegos Panamericanos. En Toronto 2015, derrot\u00f3 al cubano Roniel Iglesias \u2014bronce en Pekin 2008 y oro en Londres 2012\u2014 para colgarse la presea dorada.<\/p>\n<p style=\"text-align: justify;\">El p\u00fagil criollo clasific\u00f3 a R\u00edo\u00a0en el Preol\u00edmpico de Buenos Aires 2016.<\/p>\n","protected":false},"excerpt":{"rendered":"<p>GradaDigital.com &#8211; El boxeador venezolano Gabriel Maestre gan\u00f3 este lunes, 8 de agosto, 2-1 en la Eliminatoria\u00a0de 32 del &#8216;peso w\u00e9lter 69 kilogramos masculino&#8217;,\u00a0en su primer combate de los Juegos Ol\u00edmpicos R\u00edo 2016. El capit\u00e1n de la selecci\u00f3n nacional derrot\u00f3 al alem\u00e1n Arajik Marutjan por decisi\u00f3n dividida (2-1). De esta manera avanza a los Octavos &#8230;<\/p>\n","protected":false},"author":4,"featured_media":29933,"comment_status":"closed","ping_status":"closed","sticky":false,"template":"","format":"standard","meta":{"footnotes":""},"categories":[752,1879],"tags":[],"class_list":["post-29932","post","type-post","status-publish","format-standard","has-post-thumbnail","hentry","category-appgd","category-en-offside"],"_links":{"self":[{"href":"http:\/\/gradadigital.com\/home\/wp-json\/wp\/v2\/posts\/29932","targetHints":{"allow":["GET"]}}],"collection":[{"href":"http:\/\/gradadigital.com\/home\/wp-json\/wp\/v2\/posts"}],"about":[{"href":"http:\/\/gradadigital.com\/home\/wp-json\/wp\/v2\/types\/post"}],"author":[{"embeddable":true,"href":"http:\/\/gradadigital.com\/home\/wp-json\/wp\/v2\/users\/4"}],"replies":[{"embeddable":true,"href":"http:\/\/gradadigital.com\/home\/wp-json\/wp\/v2\/comments?post=29932"}],"version-history":[{"count":3,"href":"http:\/\/gradadigital.com\/home\/wp-json\/wp\/v2\/posts\/29932\/revisions"}],"predecessor-version":[{"id":29959,"href":"http:\/\/gradadigital.com\/home\/wp-json\/wp\/v2\/posts\/29932\/revisions\/29959"}],"wp:featuredmedia":[{"embeddable":true,"href":"http:\/\/gradadigital.com\/home\/wp-json\/wp\/v2\/media\/29933"}],"wp:attachment":[{"href":"http:\/\/gradadigital.com\/home\/wp-json\/wp\/v2\/media?parent=29932"}],"wp:term":[{"taxonomy":"category","embeddable":true,"href":"http:\/\/gradadigital.com\/home\/wp-json\/wp\/v2\/categories?post=29932"},{"taxonomy":"post_tag","embeddable":true,"href":"http:\/\/gradadigital.com\/home\/wp-json\/wp\/v2\/tags?post=29932"}],"curies":[{"name":"wp","href":"https:\/\/api.w.org\/{rel}","templated":true}]}}