{"id":29925,"date":"2016-08-08T12:25:33","date_gmt":"2016-08-08T16:55:33","guid":{"rendered":"http:\/\/gradadigital.com\/home\/?p=29925"},"modified":"2016-08-08T12:30:32","modified_gmt":"2016-08-08T17:00:32","slug":"alejandra-benitez-se-despide-satisfecha-de-los-juegos-olimpicos-rio-2016","status":"publish","type":"post","link":"http:\/\/gradadigital.com\/home\/alejandra-benitez-se-despide-satisfecha-de-los-juegos-olimpicos-rio-2016\/","title":{"rendered":"Rio 2016 | Alejandra Ben\u00edtez se despide satisfecha de los Juegos Ol\u00edmpicos R\u00edo 2016"},"content":{"rendered":"<p style=\"text-align: center;\"><img loading=\"lazy\" decoding=\"async\" class=\"alignnone size-full wp-image-29926\" src=\"http:\/\/gradadigital.com\/home\/wp-content\/uploads\/2016\/08\/alejanda_benitez_esgrima_rio2016_08082016.jpg\" alt=\"alejanda_benitez_esgrima_rio2016_08082016\" width=\"682\" height=\"455\" srcset=\"http:\/\/gradadigital.com\/home\/wp-content\/uploads\/2016\/08\/alejanda_benitez_esgrima_rio2016_08082016.jpg 682w, http:\/\/gradadigital.com\/home\/wp-content\/uploads\/2016\/08\/alejanda_benitez_esgrima_rio2016_08082016-300x200.jpg 300w\" sizes=\"auto, (max-width: 682px) 100vw, 682px\" \/><\/p>\n<p style=\"text-align: justify;\"><strong>AVN.-<\/strong> La venezolana Alejandra Ben\u00edtez se despidi\u00f3 de los Juegos Ol\u00edmpicos R\u00edo 2016 tras caer en su segundo combate disputado este lunes con un marcador de 14 &#8211; 15 frente a su rival de Hungr\u00eda, Anna M\u00e1rton.<\/p>\n<p style=\"text-align: justify;\">En declaraciones al equipo de prensa de Venezuela en R\u00edo, Ben\u00edtez manifest\u00f3 que se sinti\u00f3 satisfecha durante su participaci\u00f3n porque lo entreg\u00f3 todo sobre la pedana y porque que seguir\u00e1 adelante en busca de nuevos triunfos para Venezuela.<\/p>\n<p style=\"text-align: justify;\">\u00abEstoy feliz porque he trabajado muy duro, feliz porque lo entregu\u00e9 todo, y porque hay Alejandra Ben\u00edtez para rato (&#8230;) lo importante para m\u00ed es que soy una guerrera, no importa quien se pare enfrente y porque aqu\u00ed llevo los ojos de Ch\u00e1vez (&#8230;) actualmente estoy en mi mejor momento como atleta, me siento en excelentes condiciones, y a pesar de que estos son unos Juegos Ol\u00edmpicos, esta es una competencia m\u00e1s para mi, tengo otra en octubre y ya estoy trabajando para eso\u00bb, acot\u00f3.<\/p>\n<p style=\"text-align: justify;\">\u00abSigues siendo una Guerrera\u00bb escribi\u00f3 en su cuenta en twitter el Ministro para la Juventud y Deporte, Mervin Maldonado.<\/p>\n<p style=\"text-align: justify;\">M\u00e1s temprano, la esgrimista venci\u00f3 15 por 11 a la egipcia Nada Hafez, y logr\u00f3 avanzar a la ronda de 32.<\/p>\n<p style=\"text-align: justify;\">Esta es la cuarta participaci\u00f3n ol\u00edmpica para Ben\u00edtez, luego de participar en Atenas 2004, Beijing 2008 y Londres 2012.<\/p>\n<p style=\"text-align: justify;\">Para estos Juegos Ol\u00edmpicos, Venezuela consigui\u00f3 6 cupos para el esgrima. Tres son del equipo masculino de espada, integrado por Francisco Limardo, Rub\u00e9n Limardo y Silvio Fern\u00e1ndez, con el debutante Kelvin Ca\u00f1as como reserva; uno de Alejandra Ben\u00edtez en sable individual; uno de Isis Gim\u00e9nez y otro de Antonio Leal, ambos en el florete individual.<\/p>\n","protected":false},"excerpt":{"rendered":"<p>AVN.- La venezolana Alejandra Ben\u00edtez se despidi\u00f3 de los Juegos Ol\u00edmpicos R\u00edo 2016 tras caer en su segundo combate disputado este lunes con un marcador de 14 &#8211; 15 frente a su rival de Hungr\u00eda, Anna M\u00e1rton. En declaraciones al equipo de prensa de Venezuela en R\u00edo, Ben\u00edtez manifest\u00f3 que se sinti\u00f3 satisfecha durante su &#8230;<\/p>\n","protected":false},"author":4,"featured_media":29926,"comment_status":"closed","ping_status":"closed","sticky":false,"template":"","format":"standard","meta":{"footnotes":""},"categories":[752,1879,35],"tags":[],"class_list":["post-29925","post","type-post","status-publish","format-standard","has-post-thumbnail","hentry","category-appgd","category-en-offside","category-otras-categorias"],"_links":{"self":[{"href":"http:\/\/gradadigital.com\/home\/wp-json\/wp\/v2\/posts\/29925","targetHints":{"allow":["GET"]}}],"collection":[{"href":"http:\/\/gradadigital.com\/home\/wp-json\/wp\/v2\/posts"}],"about":[{"href":"http:\/\/gradadigital.com\/home\/wp-json\/wp\/v2\/types\/post"}],"author":[{"embeddable":true,"href":"http:\/\/gradadigital.com\/home\/wp-json\/wp\/v2\/users\/4"}],"replies":[{"embeddable":true,"href":"http:\/\/gradadigital.com\/home\/wp-json\/wp\/v2\/comments?post=29925"}],"version-history":[{"count":2,"href":"http:\/\/gradadigital.com\/home\/wp-json\/wp\/v2\/posts\/29925\/revisions"}],"predecessor-version":[{"id":29931,"href":"http:\/\/gradadigital.com\/home\/wp-json\/wp\/v2\/posts\/29925\/revisions\/29931"}],"wp:featuredmedia":[{"embeddable":true,"href":"http:\/\/gradadigital.com\/home\/wp-json\/wp\/v2\/media\/29926"}],"wp:attachment":[{"href":"http:\/\/gradadigital.com\/home\/wp-json\/wp\/v2\/media?parent=29925"}],"wp:term":[{"taxonomy":"category","embeddable":true,"href":"http:\/\/gradadigital.com\/home\/wp-json\/wp\/v2\/categories?post=29925"},{"taxonomy":"post_tag","embeddable":true,"href":"http:\/\/gradadigital.com\/home\/wp-json\/wp\/v2\/tags?post=29925"}],"curies":[{"name":"wp","href":"https:\/\/api.w.org\/{rel}","templated":true}]}}