{"id":29883,"date":"2016-08-07T11:44:36","date_gmt":"2016-08-07T16:14:36","guid":{"rendered":"http:\/\/gradadigital.com\/home\/?p=29883"},"modified":"2016-08-07T11:44:36","modified_gmt":"2016-08-07T16:14:36","slug":"suanno-piensa-en-la-sudamericana-al-equipo-lo-he-visto-crecer-muchisimo","status":"publish","type":"post","link":"http:\/\/gradadigital.com\/home\/suanno-piensa-en-la-sudamericana-al-equipo-lo-he-visto-crecer-muchisimo\/","title":{"rendered":"Suanno piensa en la Sudamericana: \u00abAl equipo lo he visto crecer much\u00edsimo\u00bb"},"content":{"rendered":"<p style=\"text-align: center;\"><img loading=\"lazy\" decoding=\"async\" class=\"alignnone size-full wp-image-29884\" src=\"http:\/\/gradadigital.com\/home\/wp-content\/uploads\/2016\/08\/vicente_suanno_laguaira_07082016.jpg\" alt=\"vicente_suanno_laguaira_07082016\" width=\"682\" height=\"455\" srcset=\"http:\/\/gradadigital.com\/home\/wp-content\/uploads\/2016\/08\/vicente_suanno_laguaira_07082016.jpg 682w, http:\/\/gradadigital.com\/home\/wp-content\/uploads\/2016\/08\/vicente_suanno_laguaira_07082016-300x200.jpg 300w\" sizes=\"auto, (max-width: 682px) 100vw, 682px\" \/><\/p>\n<p style=\"text-align: justify;\"><strong>Francesco Leggieri, Prensa Dvo. La Guaira.-<\/strong> Con la reprogramaci\u00f3n de la jornada ocho del Torneo Clausura 2016, la plantilla del Deportivo La Guaira inici\u00f3 este s\u00e1bado seis de agosto su preparaci\u00f3n con miras al choque de la Copa Sudamericana. Los naranjas buscan dar la sorpresa en Ibagu\u00e9.<\/p>\n<p style=\"text-align: justify;\">Tras corregir y engranar algunas piezas, el DLG encara el torneo internacional en \u00f3ptimas condiciones: \u00ab<strong>Al equipo lo he visto crecer much\u00edsimo. Era evidente que \u00edbamos a ir mejorando con el transcurrir del campeonato local. En cuanto a resultados, no es el mejor momento pero en lo futbol\u00edstico una notable mejor\u00eda y eso hace prever que llegamos bien a la copa\u00bb, <\/strong>indic\u00f3 el capit\u00e1n Vicente Suanno, quien se muestra tranquilo con el repunte que viene experimento el equipo en las \u00faltimas jornadas.<\/p>\n<p style=\"text-align: justify;\">Suanno, junto a la plantilla naranja, tendr\u00e1n un duro desaf\u00edo en Ibagu\u00e9. La Guaira se estar\u00e1 enfrentando al actual l\u00edder del f\u00fatbol colombiano.\u00a0 <strong>\u00abTenemos un list\u00f3n alto por como viene jugando el rival y por la posici\u00f3n que ostentan en Colombia. Ser\u00e1 un desaf\u00edo importante y hay que tomarlo como tal. En estas copas internacionales te enfrentas a los mejores equipos de cada pa\u00eds, y para ganar tienes que hacer las cosas lo mejor posible y sin margen de error\u00bb. <\/strong><\/p>\n<p style=\"text-align: justify;\">En 2012 y vistiendo los colores del Deportivo Lara, Suanno se midi\u00f3 a Deportes Tolima. En aquella edici\u00f3n, el conjunto crepuscular no pudo avanzar de ronda m\u00e1s all\u00e1 de mostrar una buena presentaci\u00f3n en el choque de ida. <strong>\u00a0\u00abEllos siempre han sido un equipo aguerrido, claro est\u00e1 que eso fue hace cuatro a\u00f1os y La Guaira y Tolima han cambiado much\u00edsimo sus planteles. Ser\u00e1 un desaf\u00edo important\u00edsimo ante un muy buen equipo\u00bb, <\/strong>finaliz\u00f3 el mediocampista naranja.<\/p>\n","protected":false},"excerpt":{"rendered":"<p>Francesco Leggieri, Prensa Dvo. La Guaira.- Con la reprogramaci\u00f3n de la jornada ocho del Torneo Clausura 2016, la plantilla del Deportivo La Guaira inici\u00f3 este s\u00e1bado seis de agosto su preparaci\u00f3n con miras al choque de la Copa Sudamericana. Los naranjas buscan dar la sorpresa en Ibagu\u00e9. Tras corregir y engranar algunas piezas, el DLG &#8230;<\/p>\n","protected":false},"author":4,"featured_media":29884,"comment_status":"closed","ping_status":"closed","sticky":false,"template":"","format":"standard","meta":{"footnotes":""},"categories":[752,38,18],"tags":[],"class_list":["post-29883","post","type-post","status-publish","format-standard","has-post-thumbnail","hentry","category-appgd","category-copa-sudamericana","category-real-esppor"],"_links":{"self":[{"href":"http:\/\/gradadigital.com\/home\/wp-json\/wp\/v2\/posts\/29883","targetHints":{"allow":["GET"]}}],"collection":[{"href":"http:\/\/gradadigital.com\/home\/wp-json\/wp\/v2\/posts"}],"about":[{"href":"http:\/\/gradadigital.com\/home\/wp-json\/wp\/v2\/types\/post"}],"author":[{"embeddable":true,"href":"http:\/\/gradadigital.com\/home\/wp-json\/wp\/v2\/users\/4"}],"replies":[{"embeddable":true,"href":"http:\/\/gradadigital.com\/home\/wp-json\/wp\/v2\/comments?post=29883"}],"version-history":[{"count":1,"href":"http:\/\/gradadigital.com\/home\/wp-json\/wp\/v2\/posts\/29883\/revisions"}],"predecessor-version":[{"id":29885,"href":"http:\/\/gradadigital.com\/home\/wp-json\/wp\/v2\/posts\/29883\/revisions\/29885"}],"wp:featuredmedia":[{"embeddable":true,"href":"http:\/\/gradadigital.com\/home\/wp-json\/wp\/v2\/media\/29884"}],"wp:attachment":[{"href":"http:\/\/gradadigital.com\/home\/wp-json\/wp\/v2\/media?parent=29883"}],"wp:term":[{"taxonomy":"category","embeddable":true,"href":"http:\/\/gradadigital.com\/home\/wp-json\/wp\/v2\/categories?post=29883"},{"taxonomy":"post_tag","embeddable":true,"href":"http:\/\/gradadigital.com\/home\/wp-json\/wp\/v2\/tags?post=29883"}],"curies":[{"name":"wp","href":"https:\/\/api.w.org\/{rel}","templated":true}]}}