{"id":29849,"date":"2016-08-06T12:29:24","date_gmt":"2016-08-06T16:59:24","guid":{"rendered":"http:\/\/gradadigital.com\/home\/?p=29849"},"modified":"2016-08-06T12:29:24","modified_gmt":"2016-08-06T16:59:24","slug":"lara-buscara-los-tres-puntos-en-su-visita-en-maracaibo","status":"publish","type":"post","link":"http:\/\/gradadigital.com\/home\/lara-buscara-los-tres-puntos-en-su-visita-en-maracaibo\/","title":{"rendered":"Lara buscar\u00e1 los tres puntos en su visita en Maracaibo"},"content":{"rendered":"<p style=\"text-align: center;\"><a href=\"http:\/\/gradadigital.com\/home\/wp-content\/uploads\/2016\/07\/ricardo_andreutti_cdlara_20072016.jpg\"><img loading=\"lazy\" decoding=\"async\" class=\"alignnone size-full wp-image-29219\" src=\"http:\/\/gradadigital.com\/home\/wp-content\/uploads\/2016\/07\/ricardo_andreutti_cdlara_20072016.jpg\" alt=\"ricardo_andreutti_cdlara_20072016\" width=\"682\" height=\"455\" srcset=\"http:\/\/gradadigital.com\/home\/wp-content\/uploads\/2016\/07\/ricardo_andreutti_cdlara_20072016.jpg 682w, http:\/\/gradadigital.com\/home\/wp-content\/uploads\/2016\/07\/ricardo_andreutti_cdlara_20072016-300x200.jpg 300w\" sizes=\"auto, (max-width: 682px) 100vw, 682px\" \/><\/a><\/p>\n<p style=\"text-align: justify;\"><strong>Estefani Quero \u00a0&#8211;\u00a0<\/strong>Tras haber obtenido su primera victoria del Torneo Clausura 2016 el pasado mi\u00e9rcoles ante el Deportivo Anzo\u00e1tegui con marcador de 1-0, la escuadra del Deportivo Lara est\u00e1 lista para visitar ma\u00f1ana s\u00e1bado a sus similares de JBL Zulia para disputar la jornada 8 de la competici\u00f3n a las 3:00 pm; dicho encuentro ser\u00e1 en el Estadio Jos\u00e9 Encarnaci\u00f3n \u201cPachencho\u201d Romero.<\/p>\n<p style=\"text-align: justify;\">Para la fecha, el combinado de la \u201cMaquinaria Azul\u201d est\u00e1 en el puesto 13 de la tabla de clasificaci\u00f3n con 8 puntos, mientras que, los del \u201cDepor\u201d se ubican en la casilla n\u00famero 18 con 4 puntos.<\/p>\n<p style=\"text-align: justify;\">\u00a0Uno de los jugadores que ha tenido continuidad en cancha a\u00a0 lo largo del semestre ha sido el volante Yeferson Velasco, por consiguiente, convers\u00f3 con el departamento de prensa para hablar del choque ante los zulianos.<\/p>\n<p style=\"text-align: justify;\">\u00bfC\u00f3mo visualizas el partido de ma\u00f1ana tomando en cuenta las aspiraciones de seguir sumando en el Torneo Clausura, adem\u00e1s de que el mismo puede servir como preparaci\u00f3n para el juego de Copa Sudamericano el d\u00eda martes? <strong>\u201cSe viene un juego bastante importante, para nosotros jugar mi\u00e9rcoles domingo es clave para la preparaci\u00f3n como jugador, quiz\u00e1s quer\u00edamos un poco de descanso para el martes pero no se pudo, afrontamos el partido con la misma responsabilidad de siempre, cada juego es valioso, se hicieron las correcciones para ir a ganar\u201d.<\/strong><\/p>\n<p style=\"text-align: justify;\">Sobre la evaluaci\u00f3n que hacen del rival, coment\u00f3. <strong>\u201cSer\u00e1 un partido muy apretado, ellos corren y no dan pelota por perdida pero nosotros tambi\u00e9n iremos a buscar el resultado, jugar nuestro f\u00fatbol y\u00a0 debemos tener mucha inteligencia; ellos est\u00e1n acostumbrados a jugar a esa temperatura, debemos manejar nosotros bien los tiempos, cuando atacar y mantener el bal\u00f3n para mantener el orden y sacar el cero en el arco\u201d.<\/strong><\/p>\n<p style=\"text-align: justify;\">A su vez, el jugador de la dorsal n\u00famero 5 reforz\u00f3 el buen entendimiento que est\u00e1 teniendo el grupo barquisimetano con su nuevo DT, el profe \u201cLeo\u201d Gonz\u00e1lez. <strong>\u201cEl profe no ha cambiado mucho, nos pide actitud y disposici\u00f3n, la clave est\u00e1 en mantener las mismas ganas que el partido pasado\u201d.<\/strong><\/p>\n<p style=\"text-align: justify;\"><strong>\u201cSer\u00eda bastante importante para nosotros, no pensando en el d\u00eda martes sino en el torneo local, lo pasado qued\u00f3 atr\u00e1s y queremos seguir en la senda ganadora\u201d<\/strong>, dijo con la convicci\u00f3n de sumar de a tres en tierras zulianas.<\/p>\n<p style=\"text-align: justify;\">El nativo de T\u00e1chira, complement\u00f3 su intervenci\u00f3n haciendo referencia a la buena ejecuci\u00f3n que realiza en la mitad de cancha junto a sus compa\u00f1eros de posici\u00f3n. <strong>\u201cHemos tenido bastante entendimiento, nos comunicamos bastante, adem\u00e1s de tener una buena amistad fuera de cancha y eso lo reflejamos dentro, sabemos apoyarnos y en base a eso nos hemos acoplado muy bien\u201d<\/strong>, cerr\u00f3.<\/p>\n<p style=\"text-align: justify;\">FICHA DEL PARTIDO:<\/p>\n<p style=\"text-align: justify;\">JBL Zulia &#8211; Deportivo Lara<\/p>\n<p style=\"text-align: justify;\">Torneo: Clausura 2016 | Hora: 3:00 pm<\/p>\n<p style=\"text-align: justify;\">Estadio: Pachencho Romero | Jornada: 8<\/p>\n<p style=\"text-align: justify;\">Ciudad: Maracaibo | D\u00eda: S\u00e1bado 06-08-2916<\/p>\n<p style=\"text-align: justify;\">\u00c1rbitro: Carlos Diez (T\u00e1chira)<\/p>\n<p style=\"text-align: justify;\">Asistente 1: Yoly Garc\u00eda (T\u00e1chira)<\/p>\n<p style=\"text-align: justify;\">Asistente 2: Enoc Ram\u00edrez (T\u00e1chira)<\/p>\n<p style=\"text-align: justify;\">Cuarto \u00c1rbitro: \u00a0Jos\u00e9 Uzcategui \u00a0(Trujillo)<\/p>\n","protected":false},"excerpt":{"rendered":"<p>Estefani Quero \u00a0&#8211;\u00a0Tras haber obtenido su primera victoria del Torneo Clausura 2016 el pasado mi\u00e9rcoles ante el Deportivo Anzo\u00e1tegui con marcador de 1-0, la escuadra del Deportivo Lara est\u00e1 lista para visitar ma\u00f1ana s\u00e1bado a sus similares de JBL Zulia para disputar la jornada 8 de la competici\u00f3n a las 3:00 pm; dicho encuentro ser\u00e1 &#8230;<\/p>\n","protected":false},"author":4,"featured_media":29219,"comment_status":"closed","ping_status":"closed","sticky":false,"template":"","format":"standard","meta":{"footnotes":""},"categories":[752,8,5,1877,31],"tags":[],"class_list":["post-29849","post","type-post","status-publish","format-standard","has-post-thumbnail","hentry","category-appgd","category-cd-lara","category-futbol-nacional","category-jbl-del-zulia","category-primera-division"],"_links":{"self":[{"href":"http:\/\/gradadigital.com\/home\/wp-json\/wp\/v2\/posts\/29849","targetHints":{"allow":["GET"]}}],"collection":[{"href":"http:\/\/gradadigital.com\/home\/wp-json\/wp\/v2\/posts"}],"about":[{"href":"http:\/\/gradadigital.com\/home\/wp-json\/wp\/v2\/types\/post"}],"author":[{"embeddable":true,"href":"http:\/\/gradadigital.com\/home\/wp-json\/wp\/v2\/users\/4"}],"replies":[{"embeddable":true,"href":"http:\/\/gradadigital.com\/home\/wp-json\/wp\/v2\/comments?post=29849"}],"version-history":[{"count":1,"href":"http:\/\/gradadigital.com\/home\/wp-json\/wp\/v2\/posts\/29849\/revisions"}],"predecessor-version":[{"id":29850,"href":"http:\/\/gradadigital.com\/home\/wp-json\/wp\/v2\/posts\/29849\/revisions\/29850"}],"wp:featuredmedia":[{"embeddable":true,"href":"http:\/\/gradadigital.com\/home\/wp-json\/wp\/v2\/media\/29219"}],"wp:attachment":[{"href":"http:\/\/gradadigital.com\/home\/wp-json\/wp\/v2\/media?parent=29849"}],"wp:term":[{"taxonomy":"category","embeddable":true,"href":"http:\/\/gradadigital.com\/home\/wp-json\/wp\/v2\/categories?post=29849"},{"taxonomy":"post_tag","embeddable":true,"href":"http:\/\/gradadigital.com\/home\/wp-json\/wp\/v2\/tags?post=29849"}],"curies":[{"name":"wp","href":"https:\/\/api.w.org\/{rel}","templated":true}]}}