{"id":29837,"date":"2016-08-06T12:08:30","date_gmt":"2016-08-06T16:38:30","guid":{"rendered":"http:\/\/gradadigital.com\/home\/?p=29837"},"modified":"2016-08-06T12:08:30","modified_gmt":"2016-08-06T16:38:30","slug":"la-vinotinto-sub-20-se-instalo-en-madrid","status":"publish","type":"post","link":"http:\/\/gradadigital.com\/home\/la-vinotinto-sub-20-se-instalo-en-madrid\/","title":{"rendered":"La Vinotinto Sub-20 se instal\u00f3 en Madrid"},"content":{"rendered":"<p style=\"text-align: center;\"><img loading=\"lazy\" decoding=\"async\" class=\"alignnone size-full wp-image-29838\" src=\"http:\/\/gradadigital.com\/home\/wp-content\/uploads\/2016\/08\/entrenamiento_venezuela_s20_06082016.jpg\" alt=\"entrenamiento_venezuela_s20_06082016\" width=\"682\" height=\"455\" srcset=\"http:\/\/gradadigital.com\/home\/wp-content\/uploads\/2016\/08\/entrenamiento_venezuela_s20_06082016.jpg 682w, http:\/\/gradadigital.com\/home\/wp-content\/uploads\/2016\/08\/entrenamiento_venezuela_s20_06082016-300x200.jpg 300w\" sizes=\"auto, (max-width: 682px) 100vw, 682px\" \/><\/p>\n<p style=\"text-align: justify;\"><strong>Prensa Vinotinto \/ Madrid &#8211;\u00a0<\/strong>Finalizado el COTIF, la selecci\u00f3n nacional sub-20 se traslad\u00f3 la ma\u00f1ana de este viernes a Madrid para continuar con el cronograma de trabajo en Espa\u00f1a.<\/p>\n<p style=\"text-align: justify;\">Tras dos horas de viaje entre Valencia y la capital espa\u00f1ola la Vinotinto sub-20 se instal\u00f3 en Los \u00c1ngeles de San Rafael. Por la tarde se realiz\u00f3 el primer entrenamiento en el complejo del Atl\u00e9tico de Madrid que est\u00e1 ubicado en la misma zona.<\/p>\n<p style=\"text-align: justify;\">La ma\u00f1ana de este s\u00e1bado, el cuadro nacional entren\u00f3 en el complejo deportivo del Getafe y este domingo jugar\u00e1 un amistoso frente a la selecci\u00f3n de Costa Rica sub-20, que tambi\u00e9n se encuentra trabajando en Madrid.<\/p>\n<p style=\"text-align: justify;\"><strong>Reconocimiento<\/strong><\/p>\n<p style=\"text-align: justify;\">Al concluir la final del COTIF, en la que se t\u00edtulo Espa\u00f1a, el comit\u00e9 organizador entreg\u00f3 los premios del certamen. Yangel Herrera y Yeferson Soteldo se alzaron con la distinci\u00f3n de estar incluidos en el once ideal del torneo.<\/p>\n","protected":false},"excerpt":{"rendered":"<p>Prensa Vinotinto \/ Madrid &#8211;\u00a0Finalizado el COTIF, la selecci\u00f3n nacional sub-20 se traslad\u00f3 la ma\u00f1ana de este viernes a Madrid para continuar con el cronograma de trabajo en Espa\u00f1a. Tras dos horas de viaje entre Valencia y la capital espa\u00f1ola la Vinotinto sub-20 se instal\u00f3 en Los \u00c1ngeles de San Rafael. Por la tarde se &#8230;<\/p>\n","protected":false},"author":4,"featured_media":29838,"comment_status":"closed","ping_status":"closed","sticky":false,"template":"","format":"standard","meta":{"footnotes":""},"categories":[752,39,3],"tags":[],"class_list":["post-29837","post","type-post","status-publish","format-standard","has-post-thumbnail","hentry","category-appgd","category-seleccion-nacional-juveniles","category-seleccion-nacional"],"_links":{"self":[{"href":"http:\/\/gradadigital.com\/home\/wp-json\/wp\/v2\/posts\/29837","targetHints":{"allow":["GET"]}}],"collection":[{"href":"http:\/\/gradadigital.com\/home\/wp-json\/wp\/v2\/posts"}],"about":[{"href":"http:\/\/gradadigital.com\/home\/wp-json\/wp\/v2\/types\/post"}],"author":[{"embeddable":true,"href":"http:\/\/gradadigital.com\/home\/wp-json\/wp\/v2\/users\/4"}],"replies":[{"embeddable":true,"href":"http:\/\/gradadigital.com\/home\/wp-json\/wp\/v2\/comments?post=29837"}],"version-history":[{"count":1,"href":"http:\/\/gradadigital.com\/home\/wp-json\/wp\/v2\/posts\/29837\/revisions"}],"predecessor-version":[{"id":29839,"href":"http:\/\/gradadigital.com\/home\/wp-json\/wp\/v2\/posts\/29837\/revisions\/29839"}],"wp:featuredmedia":[{"embeddable":true,"href":"http:\/\/gradadigital.com\/home\/wp-json\/wp\/v2\/media\/29838"}],"wp:attachment":[{"href":"http:\/\/gradadigital.com\/home\/wp-json\/wp\/v2\/media?parent=29837"}],"wp:term":[{"taxonomy":"category","embeddable":true,"href":"http:\/\/gradadigital.com\/home\/wp-json\/wp\/v2\/categories?post=29837"},{"taxonomy":"post_tag","embeddable":true,"href":"http:\/\/gradadigital.com\/home\/wp-json\/wp\/v2\/tags?post=29837"}],"curies":[{"name":"wp","href":"https:\/\/api.w.org\/{rel}","templated":true}]}}