{"id":29808,"date":"2016-08-05T17:47:37","date_gmt":"2016-08-05T22:17:37","guid":{"rendered":"http:\/\/gradadigital.com\/home\/?p=29808"},"modified":"2016-08-05T17:47:37","modified_gmt":"2016-08-05T22:17:37","slug":"fotos-hermosos-asi-vestira-skyros-a-la-delegacion-olimpica-venezolana-en-la-inauguracion-de-rio-2016","status":"publish","type":"post","link":"http:\/\/gradadigital.com\/home\/fotos-hermosos-asi-vestira-skyros-a-la-delegacion-olimpica-venezolana-en-la-inauguracion-de-rio-2016\/","title":{"rendered":"+FOTOS | \u00a1HERMOSOS! As\u00ed vestir\u00e1 Skyros a la delegaci\u00f3n ol\u00edmpica venezolana en la inauguraci\u00f3n de R\u00edo 2016"},"content":{"rendered":"<p style=\"text-align: center;\"><img loading=\"lazy\" decoding=\"async\" class=\"alignnone size-full wp-image-29810\" src=\"http:\/\/gradadigital.com\/home\/wp-content\/uploads\/2016\/08\/uniformes_skyros_inauguracion_rio2016_05082016_4.jpg\" alt=\"uniformes_skyros_inauguracion_rio2016_05082016_4\" width=\"682\" height=\"455\" srcset=\"http:\/\/gradadigital.com\/home\/wp-content\/uploads\/2016\/08\/uniformes_skyros_inauguracion_rio2016_05082016_4.jpg 682w, http:\/\/gradadigital.com\/home\/wp-content\/uploads\/2016\/08\/uniformes_skyros_inauguracion_rio2016_05082016_4-300x200.jpg 300w\" sizes=\"auto, (max-width: 682px) 100vw, 682px\" \/><\/p>\n<p style=\"text-align: justify;\"><strong>GradaDigital.com &#8211;<\/strong> Skyros es la marca deportiva oficial que viste a los atletas venezolanos en los Juegos Ol\u00edmpicos de R\u00edo 2016, y para la inauguraci\u00f3n del gran evento, dise\u00f1\u00f3 una indumentaria especial, de hermosa presentaci\u00f3n, para esta noche del viernes en Brasil.<\/p>\n<p style=\"text-align: justify;\">\u00bfQu\u00e9 tal?<\/p>\n<p style=\"text-align: center;\"><img loading=\"lazy\" decoding=\"async\" class=\"alignnone size-full wp-image-29813\" src=\"http:\/\/gradadigital.com\/home\/wp-content\/uploads\/2016\/08\/uniformes_skyros_inauguracion_rio2016_05082016.jpg\" alt=\"uniformes_skyros_inauguracion_rio2016_05082016\" width=\"682\" height=\"455\" srcset=\"http:\/\/gradadigital.com\/home\/wp-content\/uploads\/2016\/08\/uniformes_skyros_inauguracion_rio2016_05082016.jpg 682w, http:\/\/gradadigital.com\/home\/wp-content\/uploads\/2016\/08\/uniformes_skyros_inauguracion_rio2016_05082016-300x200.jpg 300w\" sizes=\"auto, (max-width: 682px) 100vw, 682px\" \/><\/p>\n<p style=\"text-align: center;\"><img loading=\"lazy\" decoding=\"async\" class=\"alignnone size-full wp-image-29812\" src=\"http:\/\/gradadigital.com\/home\/wp-content\/uploads\/2016\/08\/uniformes_skyros_inauguracion_rio2016_05082016_2.jpg\" alt=\"uniformes_skyros_inauguracion_rio2016_05082016_2\" width=\"682\" height=\"455\" srcset=\"http:\/\/gradadigital.com\/home\/wp-content\/uploads\/2016\/08\/uniformes_skyros_inauguracion_rio2016_05082016_2.jpg 682w, http:\/\/gradadigital.com\/home\/wp-content\/uploads\/2016\/08\/uniformes_skyros_inauguracion_rio2016_05082016_2-300x200.jpg 300w\" sizes=\"auto, (max-width: 682px) 100vw, 682px\" \/><\/p>\n<p style=\"text-align: center;\"><img loading=\"lazy\" decoding=\"async\" class=\"alignnone size-full wp-image-29811\" src=\"http:\/\/gradadigital.com\/home\/wp-content\/uploads\/2016\/08\/uniformes_skyros_inauguracion_rio2016_05082016_3.jpg\" alt=\"uniformes_skyros_inauguracion_rio2016_05082016_3\" width=\"682\" height=\"455\" srcset=\"http:\/\/gradadigital.com\/home\/wp-content\/uploads\/2016\/08\/uniformes_skyros_inauguracion_rio2016_05082016_3.jpg 682w, http:\/\/gradadigital.com\/home\/wp-content\/uploads\/2016\/08\/uniformes_skyros_inauguracion_rio2016_05082016_3-300x200.jpg 300w\" sizes=\"auto, (max-width: 682px) 100vw, 682px\" \/><\/p>\n<p style=\"text-align: center;\"><img loading=\"lazy\" decoding=\"async\" class=\"alignnone size-full wp-image-29809\" src=\"http:\/\/gradadigital.com\/home\/wp-content\/uploads\/2016\/08\/uniformes_skyros_inauguracion_rio2016_05082016_5.jpg\" alt=\"uniformes_skyros_inauguracion_rio2016_05082016_5\" width=\"682\" height=\"455\" srcset=\"http:\/\/gradadigital.com\/home\/wp-content\/uploads\/2016\/08\/uniformes_skyros_inauguracion_rio2016_05082016_5.jpg 682w, http:\/\/gradadigital.com\/home\/wp-content\/uploads\/2016\/08\/uniformes_skyros_inauguracion_rio2016_05082016_5-300x200.jpg 300w\" sizes=\"auto, (max-width: 682px) 100vw, 682px\" \/><\/p>\n","protected":false},"excerpt":{"rendered":"<p>GradaDigital.com &#8211; Skyros es la marca deportiva oficial que viste a los atletas venezolanos en los Juegos Ol\u00edmpicos de R\u00edo 2016, y para la inauguraci\u00f3n del gran evento, dise\u00f1\u00f3 una indumentaria especial, de hermosa presentaci\u00f3n, para esta noche del viernes en Brasil. \u00bfQu\u00e9 tal?<\/p>\n","protected":false},"author":4,"featured_media":29813,"comment_status":"closed","ping_status":"closed","sticky":false,"template":"","format":"standard","meta":{"footnotes":""},"categories":[43,752,1879,35],"tags":[],"class_list":["post-29808","post","type-post","status-publish","format-standard","has-post-thumbnail","hentry","category-fotos","category-appgd","category-en-offside","category-otras-categorias"],"_links":{"self":[{"href":"http:\/\/gradadigital.com\/home\/wp-json\/wp\/v2\/posts\/29808","targetHints":{"allow":["GET"]}}],"collection":[{"href":"http:\/\/gradadigital.com\/home\/wp-json\/wp\/v2\/posts"}],"about":[{"href":"http:\/\/gradadigital.com\/home\/wp-json\/wp\/v2\/types\/post"}],"author":[{"embeddable":true,"href":"http:\/\/gradadigital.com\/home\/wp-json\/wp\/v2\/users\/4"}],"replies":[{"embeddable":true,"href":"http:\/\/gradadigital.com\/home\/wp-json\/wp\/v2\/comments?post=29808"}],"version-history":[{"count":1,"href":"http:\/\/gradadigital.com\/home\/wp-json\/wp\/v2\/posts\/29808\/revisions"}],"predecessor-version":[{"id":29814,"href":"http:\/\/gradadigital.com\/home\/wp-json\/wp\/v2\/posts\/29808\/revisions\/29814"}],"wp:featuredmedia":[{"embeddable":true,"href":"http:\/\/gradadigital.com\/home\/wp-json\/wp\/v2\/media\/29813"}],"wp:attachment":[{"href":"http:\/\/gradadigital.com\/home\/wp-json\/wp\/v2\/media?parent=29808"}],"wp:term":[{"taxonomy":"category","embeddable":true,"href":"http:\/\/gradadigital.com\/home\/wp-json\/wp\/v2\/categories?post=29808"},{"taxonomy":"post_tag","embeddable":true,"href":"http:\/\/gradadigital.com\/home\/wp-json\/wp\/v2\/tags?post=29808"}],"curies":[{"name":"wp","href":"https:\/\/api.w.org\/{rel}","templated":true}]}}