{"id":29787,"date":"2016-08-04T20:41:53","date_gmt":"2016-08-05T01:11:53","guid":{"rendered":"http:\/\/gradadigital.com\/home\/?p=29787"},"modified":"2016-08-04T20:41:53","modified_gmt":"2016-08-05T01:11:53","slug":"videofotos-josef-martinez-titular-en-empate-del-torino","status":"publish","type":"post","link":"http:\/\/gradadigital.com\/home\/videofotos-josef-martinez-titular-en-empate-del-torino\/","title":{"rendered":"+VIDEO\/FOTOS | Josef Mart\u00ednez, titular en empate del Torino"},"content":{"rendered":"<p style=\"text-align: center;\"><img decoding=\"async\" src=\"http:\/\/gradadigital.com\/home\/wp-content\/uploads\/2016\/08\/josef_martinez_torino_rasenballsport_leipzig_04082016_99.jpg\" \/><\/p>\n<p style=\"text-align: justify;\"><strong>Eduardo Contreras &#8211;<\/strong> El Torino FC, equipo del delantero venezolano\u00a0Josef Mart\u00ednez, empat\u00f3 (0-0) este jueves, 4 de agosto, con el RB Leipzig de la Bundesliga alemana, en un partido amistoso disputado en Kufstein, Austria, pa\u00eds donde realiza trabajos de pretemporada el conjunto italiano.<\/p>\n<p style=\"text-align: justify;\">El jugador criollo de 23 a\u00f1os de edad inici\u00f3 el encuentro como titular y sali\u00f3 sustituido en el minuto 74 por el futbolista espa\u00f1ol Iago Falque.<\/p>\n<p style=\"text-align: justify;\">El &#8216;Toro&#8217; enfrentar\u00e1 el pr\u00f3ximo s\u00e1bado al Hull City AFC de la Premier League de Inglaterra en otro partido amistoso que se disputar\u00e1 tambi\u00e9n en territorio austriaco y luego se enfocar\u00e1 en su participaci\u00f3n en la tercera ronda de la Copa Italia 2016\/2017 en la que jugar\u00e1 contra el vencedor del duelo Pro Vercelli-Reggiana el d\u00eda 13 del presente mes.<\/p>\n<p style=\"text-align: center;\"><strong>FOTOS<\/strong><br \/>\n<img decoding=\"async\" src=\"http:\/\/gradadigital.com\/home\/wp-content\/uploads\/2016\/08\/josef_martinez_torino_rasenballsport_leipzig_04082016_9.jpg\" \/><\/p>\n<p style=\"text-align: center;\"><img decoding=\"async\" src=\"http:\/\/gradadigital.com\/home\/wp-content\/uploads\/2016\/08\/josef_martinez_torino_rasenballsport_leipzig_04082016_7.jpg\" \/><\/p>\n<p style=\"text-align: center;\"><img decoding=\"async\" src=\"http:\/\/gradadigital.com\/home\/wp-content\/uploads\/2016\/08\/josef_martinez_torino_rasenballsport_leipzig_04082016.jpg\" \/><\/p>\n<p style=\"text-align: center;\"><img decoding=\"async\" src=\"http:\/\/gradadigital.com\/home\/wp-content\/uploads\/2016\/08\/josef_martinez_torino_rasenballsport_leipzig_04082016_4.jpg\" \/><\/p>\n<p style=\"text-align: center;\"><img decoding=\"async\" src=\"http:\/\/gradadigital.com\/home\/wp-content\/uploads\/2016\/08\/josef_martinez_torino_rasenballsport_leipzig_04082016_3.jpg\" \/><\/p>\n<p style=\"text-align: center;\"><img decoding=\"async\" src=\"http:\/\/gradadigital.com\/home\/wp-content\/uploads\/2016\/08\/josef_martinez_torino_rasenballsport_leipzig_04082016_2.jpg\" \/><\/p>\n<p style=\"text-align: center;\"><img decoding=\"async\" src=\"http:\/\/gradadigital.com\/home\/wp-content\/uploads\/2016\/08\/josef_martinez_torino_rasenballsport_leipzig_04082016_1.jpg\" \/><\/p>\n<p style=\"text-align: center;\"><img decoding=\"async\" src=\"http:\/\/gradadigital.com\/home\/wp-content\/uploads\/2016\/08\/josef_martinez_torino_rasenballsport_leipzig_04082016_8.jpg\" \/><\/p>\n<p style=\"text-align: center;\"><img decoding=\"async\" src=\"http:\/\/gradadigital.com\/home\/wp-content\/uploads\/2016\/08\/josef_martinez_torino_rasenballsport_leipzig_04082016_5.jpg\" \/><\/p>\n<p style=\"text-align: center;\"><strong>VIDEO<\/strong><\/p>\n<iframe loading=\"lazy\" width=\"621\" height=\"384\" src=\"http:\/\/www.youtube.com\/embed\/xgd5kzr18Ww?rel=0\" frameborder=\"0\" allowfullscreen><\/iframe>\n","protected":false},"excerpt":{"rendered":"<p>Eduardo Contreras &#8211; El Torino FC, equipo del delantero venezolano\u00a0Josef Mart\u00ednez, empat\u00f3 (0-0) este jueves, 4 de agosto, con el RB Leipzig de la Bundesliga alemana, en un partido amistoso disputado en Kufstein, Austria, pa\u00eds donde realiza trabajos de pretemporada el conjunto italiano. El jugador criollo de 23 a\u00f1os de edad inici\u00f3 el encuentro como &#8230;<\/p>\n","protected":false},"author":3,"featured_media":29793,"comment_status":"closed","ping_status":"closed","sticky":false,"template":"","format":"standard","meta":{"footnotes":""},"categories":[43,27,752,36,4],"tags":[],"class_list":["post-29787","post","type-post","status-publish","format-standard","has-post-thumbnail","hentry","category-fotos","category-video","category-appgd","category-internacional","category-legionarios"],"_links":{"self":[{"href":"http:\/\/gradadigital.com\/home\/wp-json\/wp\/v2\/posts\/29787","targetHints":{"allow":["GET"]}}],"collection":[{"href":"http:\/\/gradadigital.com\/home\/wp-json\/wp\/v2\/posts"}],"about":[{"href":"http:\/\/gradadigital.com\/home\/wp-json\/wp\/v2\/types\/post"}],"author":[{"embeddable":true,"href":"http:\/\/gradadigital.com\/home\/wp-json\/wp\/v2\/users\/3"}],"replies":[{"embeddable":true,"href":"http:\/\/gradadigital.com\/home\/wp-json\/wp\/v2\/comments?post=29787"}],"version-history":[{"count":2,"href":"http:\/\/gradadigital.com\/home\/wp-json\/wp\/v2\/posts\/29787\/revisions"}],"predecessor-version":[{"id":29799,"href":"http:\/\/gradadigital.com\/home\/wp-json\/wp\/v2\/posts\/29787\/revisions\/29799"}],"wp:featuredmedia":[{"embeddable":true,"href":"http:\/\/gradadigital.com\/home\/wp-json\/wp\/v2\/media\/29793"}],"wp:attachment":[{"href":"http:\/\/gradadigital.com\/home\/wp-json\/wp\/v2\/media?parent=29787"}],"wp:term":[{"taxonomy":"category","embeddable":true,"href":"http:\/\/gradadigital.com\/home\/wp-json\/wp\/v2\/categories?post=29787"},{"taxonomy":"post_tag","embeddable":true,"href":"http:\/\/gradadigital.com\/home\/wp-json\/wp\/v2\/tags?post=29787"}],"curies":[{"name":"wp","href":"https:\/\/api.w.org\/{rel}","templated":true}]}}