{"id":29781,"date":"2016-08-04T14:15:06","date_gmt":"2016-08-04T18:45:06","guid":{"rendered":"http:\/\/gradadigital.com\/home\/?p=29781"},"modified":"2016-08-04T14:15:06","modified_gmt":"2016-08-04T18:45:06","slug":"el-argentino-angel-guillermo-hoyos-es-el-nuevo-seleccionador-de-bolivia","status":"publish","type":"post","link":"http:\/\/gradadigital.com\/home\/el-argentino-angel-guillermo-hoyos-es-el-nuevo-seleccionador-de-bolivia\/","title":{"rendered":"El argentino \u00c1ngel Guillermo Hoyos es el nuevo seleccionador de Bolivia"},"content":{"rendered":"<p style=\"text-align: center;\"><img loading=\"lazy\" decoding=\"async\" class=\"alignnone size-full wp-image-29782\" src=\"http:\/\/gradadigital.com\/home\/wp-content\/uploads\/2016\/08\/angel_guillermo_hoyos_bolivia.jpg\" alt=\"angel_guillermo_hoyos_bolivia\" width=\"682\" height=\"455\" srcset=\"http:\/\/gradadigital.com\/home\/wp-content\/uploads\/2016\/08\/angel_guillermo_hoyos_bolivia.jpg 682w, http:\/\/gradadigital.com\/home\/wp-content\/uploads\/2016\/08\/angel_guillermo_hoyos_bolivia-300x200.jpg 300w\" sizes=\"auto, (max-width: 682px) 100vw, 682px\" \/><\/p>\n<p style=\"text-align: justify;\"><strong>EFE &#8211;<\/strong> El argentino \u00c1ngel Guillermo Hoyos, que tambi\u00e9n tiene nacionalidad espa\u00f1ola, fue elegido como nuevo entrenador de la selecci\u00f3n boliviana de f\u00fatbol, con el tiempo en contra para preparar al equipo para las pr\u00f3ximas fechas de las eliminatorias del Mundial de Rusia 2018.<\/p>\n<p style=\"text-align: justify;\">La decisi\u00f3n fue informada a los medios en Cochabamba por el vicepresidente de la Federaci\u00f3n Boliviana de F\u00fatbol (FBF), Marco Peredo, tras la reuni\u00f3n del comit\u00e9 seleccionador.<\/p>\n<p style=\"text-align: justify;\">Los dirigentes analizaron las propuestas de Hoyos y de los bolivianos Eduardo Villegas y Mauricio Soria, y finalmente eligieron al argentino.<\/p>\n<p style=\"text-align: justify;\">Seg\u00fan Peredo, <strong>\u00ablos tres proyectos eran muy buenos\u00bb<\/strong> e iban en la l\u00ednea planteada por la FBF, por lo que fue una decisi\u00f3n <strong>\u00abdif\u00edcil\u00bb.<\/strong><\/p>\n<p style=\"text-align: justify;\">Tras enterarse de que fue elegido, el estratega argentino se mostr\u00f3 <strong>\u00abcontento\u00bb<\/strong> y con <strong>\u00abmucho entusiasmo para empezar a trabajar\u00bb<\/strong>.<\/p>\n<p style=\"text-align: justify;\"><strong>\u00abNos dejaremos la vida en esto porque esto es nuestro sentimiento, nuestra pasi\u00f3n\u00bb<\/strong>, agreg\u00f3 Hoyos, que suceder\u00e1 en el cargo al boliviano Julio C\u00e9sar Baldivieso.<\/p>\n<p style=\"text-align: justify;\">El argentino, de 53 a\u00f1os, pas\u00f3 por las categor\u00edas menores del Barcelona, en el que entren\u00f3 a Lionel Messi cuando todav\u00eda era una promesa.<\/p>\n<p style=\"text-align: justify;\">Tras cinco a\u00f1os en el f\u00fatbol base del club catal\u00e1n, se desplaz\u00f3 a Grecia, donde entren\u00f3 al Aris de Sal\u00f3nica, el Atromitos y el PAS Giannina; y tambi\u00e9n estuvo al mando del Anorthosis chipriota.<\/p>\n<p style=\"text-align: justify;\">Entre 2011 y 2012 dirigi\u00f3 al Bol\u00edvar, el equipo m\u00e1s laureado del f\u00fatbol boliviano y este a\u00f1o estuvo por unos meses en el banquillo del Oriente Petrolero, al que dejar\u00e1 para asumir la conducci\u00f3n de la Verde.<\/p>\n<p style=\"text-align: justify;\">Al mando del argentino, Bolivia est\u00e1 ante el reto de levantar cara e intentar remontar los resultados adversos registrados tanto en la reciente Copa Am\u00e9rica disputada en EE.UU. como en las eliminatorias, en las que va pen\u00faltima en la clasificaci\u00f3n.<\/p>\n<p style=\"text-align: justify;\">Hoyos, quien tendr\u00e1 en su cuerpo t\u00e9cnico a los venezolanos Edison Ibarra y Rafael P\u00e9rez Ni\u00f1o, debutar\u00e1 al mando de la Verde en las jornadas s\u00e9ptima y octava de las eliminatorias, previstas para septiembre pr\u00f3ximo, cuando el equipo recibir\u00e1 a Per\u00fa y visitar\u00e1 a Chile.<\/p>\n<p style=\"text-align: justify;\">El entrenador argentino destac\u00f3 que su proyecto es <strong>\u00abintegral\u00bb<\/strong> y apunta a trabajar tambi\u00e9n con las divisiones inferiores para formar nuevos talentos.<\/p>\n<p style=\"text-align: justify;\"><strong>\u00abCreemos en un desarrollo permanente y estamos enfocados en todo esto al cien por cien\u00bb<\/strong>, afirm\u00f3.<\/p>\n","protected":false},"excerpt":{"rendered":"<p>EFE &#8211; El argentino \u00c1ngel Guillermo Hoyos, que tambi\u00e9n tiene nacionalidad espa\u00f1ola, fue elegido como nuevo entrenador de la selecci\u00f3n boliviana de f\u00fatbol, con el tiempo en contra para preparar al equipo para las pr\u00f3ximas fechas de las eliminatorias del Mundial de Rusia 2018. La decisi\u00f3n fue informada a los medios en Cochabamba por el &#8230;<\/p>\n","protected":false},"author":3,"featured_media":29782,"comment_status":"closed","ping_status":"closed","sticky":false,"template":"","format":"standard","meta":{"footnotes":""},"categories":[752,36],"tags":[],"class_list":["post-29781","post","type-post","status-publish","format-standard","has-post-thumbnail","hentry","category-appgd","category-internacional"],"_links":{"self":[{"href":"http:\/\/gradadigital.com\/home\/wp-json\/wp\/v2\/posts\/29781","targetHints":{"allow":["GET"]}}],"collection":[{"href":"http:\/\/gradadigital.com\/home\/wp-json\/wp\/v2\/posts"}],"about":[{"href":"http:\/\/gradadigital.com\/home\/wp-json\/wp\/v2\/types\/post"}],"author":[{"embeddable":true,"href":"http:\/\/gradadigital.com\/home\/wp-json\/wp\/v2\/users\/3"}],"replies":[{"embeddable":true,"href":"http:\/\/gradadigital.com\/home\/wp-json\/wp\/v2\/comments?post=29781"}],"version-history":[{"count":1,"href":"http:\/\/gradadigital.com\/home\/wp-json\/wp\/v2\/posts\/29781\/revisions"}],"predecessor-version":[{"id":29783,"href":"http:\/\/gradadigital.com\/home\/wp-json\/wp\/v2\/posts\/29781\/revisions\/29783"}],"wp:featuredmedia":[{"embeddable":true,"href":"http:\/\/gradadigital.com\/home\/wp-json\/wp\/v2\/media\/29782"}],"wp:attachment":[{"href":"http:\/\/gradadigital.com\/home\/wp-json\/wp\/v2\/media?parent=29781"}],"wp:term":[{"taxonomy":"category","embeddable":true,"href":"http:\/\/gradadigital.com\/home\/wp-json\/wp\/v2\/categories?post=29781"},{"taxonomy":"post_tag","embeddable":true,"href":"http:\/\/gradadigital.com\/home\/wp-json\/wp\/v2\/tags?post=29781"}],"curies":[{"name":"wp","href":"https:\/\/api.w.org\/{rel}","templated":true}]}}