{"id":29761,"date":"2016-08-03T19:41:16","date_gmt":"2016-08-04T00:11:16","guid":{"rendered":"http:\/\/gradadigital.com\/home\/?p=29761"},"modified":"2016-08-03T19:41:16","modified_gmt":"2016-08-04T00:11:16","slug":"dudamel-el-potencial-que-encontramos-en-los-jugadores-es-inmenso","status":"publish","type":"post","link":"http:\/\/gradadigital.com\/home\/dudamel-el-potencial-que-encontramos-en-los-jugadores-es-inmenso\/","title":{"rendered":"Dudamel: \u00abEl potencial que encontramos en los jugadores es inmenso\u00bb"},"content":{"rendered":"<p style=\"text-align: center;\"><img loading=\"lazy\" decoding=\"async\" class=\"alignnone size-full wp-image-29762\" src=\"http:\/\/gradadigital.com\/home\/wp-content\/uploads\/2016\/08\/venezuela_entrenamiento_sub20_03082016.jpg\" alt=\"venezuela_entrenamiento_sub20_03082016\" width=\"682\" height=\"455\" srcset=\"http:\/\/gradadigital.com\/home\/wp-content\/uploads\/2016\/08\/venezuela_entrenamiento_sub20_03082016.jpg 682w, http:\/\/gradadigital.com\/home\/wp-content\/uploads\/2016\/08\/venezuela_entrenamiento_sub20_03082016-300x200.jpg 300w\" sizes=\"auto, (max-width: 682px) 100vw, 682px\" \/><\/p>\n<p style=\"text-align: justify;\"><strong>Prensa Vinotinto \/ Valencia &#8211;\u00a0<\/strong>La selecci\u00f3n nacional sub-20 dej\u00f3 un buen sabor de boca entre los asistentes al torneo COTIF L\u2019 Alcudia, pero en especial al cuerpo t\u00e9cnico encabezado por el seleccionador nacional Rafael Dudamel.<\/p>\n<p style=\"text-align: justify;\">\u201cPerder nunca es agradable, pero dentro de la amargura que produce la derrota y en la etapa en la que estamos, quedo muy satisfecho con lo que he visto en esta competencia internacional. Hemos competido en un alto nivel, la respuesta emocional de nuestros futbolistas fue \u00f3ptima. Tenemos un futuro promisorio, magnifico y todav\u00eda con un margen de crecimiento muy grande, as\u00ed que las conclusiones finales son todas positivas\u201d, apunt\u00f3 el estratega.<\/p>\n<p style=\"text-align: justify;\">Los \u00faltimos dos partidos (Espa\u00f1a y Argentina) del combinado nacional fueron de una exigencia muy alta, en ambos los futbolistas criollos entregaron todo en la cancha y la imagen, a pesar de la derrota, fue muy positiva. Ante la albiceleste, el car\u00e1cter y el despliegue f\u00edsico plasmado durante los 80 minutos fue muy superior a un rival con quien seguramente se volver\u00e1 a encontrar, en el pr\u00f3ximo Sudamericano sub-20 de Ecuador.<\/p>\n<p style=\"text-align: justify;\">\u201cEl rodaje que dan estos partidos, la malicia, el oficio con que nos ha sacado Argentina son esas peque\u00f1as diferencias que el jugador solamente va a aprender compitiendo, jugando. Desde lo t\u00e9cnico y desde lo t\u00e1ctico le damos un volumen de cantidad y de calidad de trabajo que nos hace fortalecernos como equipo. Y despu\u00e9s en la toma de decisiones, tanto para defender como para atacar, el rodaje nos va a permitir llegar con la experiencia necesaria para clasificar al Mundial. As\u00ed que hemos ganado, hemos perdido, he notado un dolor muy fuerte en los jugadores por la derrota y eso me deja muy tranquilo, porque lo han sentido y ese sentimiento es muy valioso\u201d, se\u00f1al\u00f3.<\/p>\n<p style=\"text-align: justify;\">En n\u00fameros, el balance es positivo. En cinco partidos se sumaron dos victorias, un empate y dos derrotas. Se anotaron seis goles y se recibieron tres, con tres partidos consecutivos con la valla invicta. Los seis tantos anotados fueron realizados por cinco goleadores distintos. Yangel Herrera finaliz\u00f3 con dos, le siguieron Yeferson Soteldo, Heber Garc\u00eda, Jos\u00e9 Balza y Ronaldo Pe\u00f1a con un tanto cada uno.<\/p>\n<p style=\"text-align: justify;\">\u201cTodos los escenarios vividos han sido ideales para preparar la competencia al Sudamericano. Falta mucho, pero que a seis meses de jugar el premundial sub-20 estemos teniendo esta vivencia es sumamente valioso. Es todo muy similar, desde lo deportivo, desde lo emocional. Los triunfos, los empates, las angustias de la clasificaci\u00f3n, el hacer una buena cantidad de puntos y a\u00fan no estar clasificados. Vamos a llegar muy bien preparados. De aqu\u00ed en adelante es seguir sumando experiencia, seguir fortaleciendo el colectivo, y que Dios nos cuide a nuestros muchachos para llegar totalmente sanos al Sudamericano y luchar por el t\u00edtulo\u201d, explic\u00f3.<\/p>\n<p style=\"text-align: justify;\">Con la mitad del semestre por recorrer, las expectativas del seleccionador nacional, sobre todo porque conoce las capacidades y respuestas de un grupo que acumula diez meses de trabajo y dos exitosas experiencias internacionales, son bastante ambiciosas.<\/p>\n<p style=\"text-align: justify;\">\u201cNuestro margen de crecimiento es muy grande, nuestros jugadores lo sienten, nuestros jugadores lo saben. El potencial que encontramos en ellos es inmenso, es enorme. La preparaci\u00f3n, la experiencia internacional no culmina con el COTIF, continuamos en nuestros partidos internacionales, algunos con clubes, otros con selecciones. As\u00ed que el jugador lo valora y se sigue esforzando para seguir aprendiendo. De aqu\u00ed al Sudamericano tenemos mucho trabajo por delante, continuando en la amplitud de la competencia, para que a corto, a mediano y a largo plazo tengamos una selecci\u00f3n con un potencial muy amplio\u201d, cerr\u00f3.<\/p>\n<p style=\"text-align: justify;\"><strong>Fuentes en recuperaci\u00f3n<\/strong><\/p>\n<p style=\"text-align: justify;\">El defensor Jean Franco Fuentes ya se encuentra en proceso de recuperaci\u00f3n, luego de sufrir una fractura de la rama ascendente de la mand\u00edbula y una fractura del cuerpo mandibular izquierdo, en el partido del pasado domingo ante Espa\u00f1a.<\/p>\n<p style=\"text-align: justify;\">\u201cEste lunes se le realiz\u00f3 la cirug\u00eda para la reducci\u00f3n cruenta y osteos\u00edntesis con placa\u201d, inform\u00f3 el doctor Jos\u00e9 De Filipis, m\u00e9dico de la selecci\u00f3n nacional.<\/p>\n<p style=\"text-align: justify;\">El futbolista regres\u00f3 al hotel de concentraci\u00f3n la ma\u00f1ana de este martes y tendr\u00e1 un tiempo de recuperaci\u00f3n de ocho semanas para regresar a las canchas.<\/p>\n<p style=\"text-align: justify;\">Fuentes se mantendr\u00e1 concentrado a base de tratamiento m\u00e9dico post operatorio y alimentaci\u00f3n especial.<\/p>\n","protected":false},"excerpt":{"rendered":"<p>Prensa Vinotinto \/ Valencia &#8211;\u00a0La selecci\u00f3n nacional sub-20 dej\u00f3 un buen sabor de boca entre los asistentes al torneo COTIF L\u2019 Alcudia, pero en especial al cuerpo t\u00e9cnico encabezado por el seleccionador nacional Rafael Dudamel. \u201cPerder nunca es agradable, pero dentro de la amargura que produce la derrota y en la etapa en la que &#8230;<\/p>\n","protected":false},"author":4,"featured_media":29762,"comment_status":"closed","ping_status":"closed","sticky":false,"template":"","format":"standard","meta":{"footnotes":""},"categories":[752,39,3],"tags":[],"class_list":["post-29761","post","type-post","status-publish","format-standard","has-post-thumbnail","hentry","category-appgd","category-seleccion-nacional-juveniles","category-seleccion-nacional"],"_links":{"self":[{"href":"http:\/\/gradadigital.com\/home\/wp-json\/wp\/v2\/posts\/29761","targetHints":{"allow":["GET"]}}],"collection":[{"href":"http:\/\/gradadigital.com\/home\/wp-json\/wp\/v2\/posts"}],"about":[{"href":"http:\/\/gradadigital.com\/home\/wp-json\/wp\/v2\/types\/post"}],"author":[{"embeddable":true,"href":"http:\/\/gradadigital.com\/home\/wp-json\/wp\/v2\/users\/4"}],"replies":[{"embeddable":true,"href":"http:\/\/gradadigital.com\/home\/wp-json\/wp\/v2\/comments?post=29761"}],"version-history":[{"count":1,"href":"http:\/\/gradadigital.com\/home\/wp-json\/wp\/v2\/posts\/29761\/revisions"}],"predecessor-version":[{"id":29763,"href":"http:\/\/gradadigital.com\/home\/wp-json\/wp\/v2\/posts\/29761\/revisions\/29763"}],"wp:featuredmedia":[{"embeddable":true,"href":"http:\/\/gradadigital.com\/home\/wp-json\/wp\/v2\/media\/29762"}],"wp:attachment":[{"href":"http:\/\/gradadigital.com\/home\/wp-json\/wp\/v2\/media?parent=29761"}],"wp:term":[{"taxonomy":"category","embeddable":true,"href":"http:\/\/gradadigital.com\/home\/wp-json\/wp\/v2\/categories?post=29761"},{"taxonomy":"post_tag","embeddable":true,"href":"http:\/\/gradadigital.com\/home\/wp-json\/wp\/v2\/tags?post=29761"}],"curies":[{"name":"wp","href":"https:\/\/api.w.org\/{rel}","templated":true}]}}