{"id":29728,"date":"2016-08-02T23:06:29","date_gmt":"2016-08-03T03:36:29","guid":{"rendered":"http:\/\/gradadigital.com\/home\/?p=29728"},"modified":"2016-08-02T23:06:29","modified_gmt":"2016-08-03T03:36:29","slug":"caracas-quiere-volver-a-ganar","status":"publish","type":"post","link":"http:\/\/gradadigital.com\/home\/caracas-quiere-volver-a-ganar\/","title":{"rendered":"Caracas quiere volver a ganar"},"content":{"rendered":"<p style=\"text-align: center;\"><img loading=\"lazy\" decoding=\"async\" class=\"alignnone size-full wp-image-28678\" src=\"http:\/\/gradadigital.com\/home\/wp-content\/uploads\/2016\/07\/once_caracas_portuguesa_03072016.jpg\" alt=\"once_caracas_portuguesa_03072016\" width=\"682\" height=\"455\" srcset=\"http:\/\/gradadigital.com\/home\/wp-content\/uploads\/2016\/07\/once_caracas_portuguesa_03072016.jpg 682w, http:\/\/gradadigital.com\/home\/wp-content\/uploads\/2016\/07\/once_caracas_portuguesa_03072016-300x200.jpg 300w\" sizes=\"auto, (max-width: 682px) 100vw, 682px\" \/><\/p>\n<p style=\"text-align: justify;\"><b>PRENSA CFC.-\u00a0<\/b>Caracas F\u00fatbol Club logr\u00f3 traerse de Valera este fin de semana un importante triunfo ante Trujillanos FC, que le permiti\u00f3 recuperar terreno en la clasificaci\u00f3n del Torneo Clausura 2016. Ahora el equipo dirigido t\u00e9cnicamente por Antonio Franco le toca pasar r\u00e1pido la p\u00e1gina, pensando en la dif\u00edcil tarea de este mi\u00e9rcoles frente al Atl\u00e9tico Venezuela, compromiso v\u00e1lido por la jornada siete del certamen que se llevar\u00e1 a cabo en la cancha principal de Cocodrilos Sports Park.<\/p>\n<p style=\"text-align: justify;\">La victoria se le hab\u00eda hecho esquiva al Rojo en este arranque de semestre y la eliminaci\u00f3n temprana de Copa Venezuela golpe\u00f3 el orgullo de los jugadores, quienes se desquitaron con un contundente 1-5 ante Trujillanos, que tampoco pasa por un buen momento. Sea como sea el caso, el triunfo fue un b\u00e1lsamo para toda la plantilla y as\u00ed lo reconoce el timonel avile\u00f1o.<\/p>\n<p style=\"text-align: justify;\"><b>\u201cS\u00e9 del gran equipo que tenemos y de la gran familia que somos. Estos tres puntos que sumamos en Valera son producto del trabajo, le dedicaci\u00f3n y la capacidad de cada integrante de esta escuadra. De visitante nos hab\u00eda costado conseguir los resultados y esta manera de ganar nos demuestra que somos un grupo competitivo que quiere seguir sumando para estar en los primeros puestos\u201d<\/b>, se\u00f1al\u00f3 Antonio Franco, quien reconoci\u00f3 que el encuentro frente a los \u201cGuerreros de la Monta\u00f1a\u201d sali\u00f3 redondo.<\/p>\n<p style=\"text-align: justify;\"><b>\u201cFue uno de esos partidos donde todo lo que planificas, sale de la mejor manera. Obviamente eso nos dio la oportunidad de tener muchas situaciones de gol y al fin tuvimos la contundencia que no hab\u00edamos tenido en jornadas anteriores. El marcar primero te genera confianza, y el anotar muchos goles te da tranquilidad para encarar el resto del compromiso. Eso fue lo que pas\u00f3\u201d<\/b>, sostuvo el estratega.<\/p>\n<p style=\"text-align: justify;\">Caracas no se queda con lo obtenido en la carretera y ahora le toca recibir a un Atl\u00e9tico Venezuela que comenz\u00f3 bien el semestre, ganando cuatro de sus seis presentaciones hasta el momento y peleando los primeros puestos del torneo. <b>\u201cEl encuentro contra el Atl\u00e9tico va a ser vital para nuestras aspiraciones. Sabemos del buen momento que viven, que vienen de tres triunfos al hilo, pero nosotros tenemos que creer en nuestro juego, en nuestro equipo y tambi\u00e9n sabemos que podemos sacar esto adelante con compromiso y entrega\u201d<\/b>, prosigui\u00f3 el t\u00e9cnico.<\/p>\n<p style=\"text-align: justify;\"><b>\u201cA ellos les gusta hacer una presi\u00f3n alta, el t\u00e9cnico densa mucho el mediocampo y se caracteriza por su juego interior. El ser superiores o no, va a definirse si logramos tener la pelota y hacer basculaciones r\u00e1pidas, llev\u00e1ndola a la banda para generar el uno contra uno donde pienso podemos ser mejores\u201d<\/b>, finaliz\u00f3 Franco.<\/p>\n<p style=\"text-align: justify;\">Por segundo partido consecutivo Caracas no contar\u00e1 con el portero Alain Baroja y el delantero Edder Far\u00edas, quienes todav\u00eda se recuperan de sus molestias musculares. Tampoco estar\u00e1 en la convocatoria de 18, a diferencia del \u00faltimo encuentro, el artillero guatemalteco Henry L\u00f3pez; en su lugar ingres\u00f3 Rodrigo Febres, de buena actuaci\u00f3n con el filial este fin de semana donde consigui\u00f3 marcar en la victoria del equipo de \u201cPin\u201d Romero ante Yaracuyanos FC.<\/p>\n<p style=\"text-align: justify;\">El principal del cotejo ser\u00e1 Leonardo Carip\u00e1, asistido por Lubin Torrealba y Omar Quintero, todos del estado Lara, mientras que el cuarto \u00e1rbitro ser\u00e1 Nelson C\u00e1rdenas de Miranda. Como es costumbre, el partido contar\u00e1 con la transmisi\u00f3n en vivo desde las 3:30 pm del Circuito Uni\u00f3n Radio 1090 AM y su red de emisoras a nivel nacional.<\/p>\n<p style=\"text-align: justify;\"><b>CONVOCADOS:<\/b><\/p>\n<p style=\"text-align: justify;\">Yhonattann Yustiz, Luis Ter\u00e1n, Jefre Vargas, Gi\u00e1como Di Giorgi, William D\u00edaz, Andr\u00e9s S\u00e1nchez, Rubert Quijada, Miguel Mea Vitali, Evelio Hern\u00e1ndez, Jorge Echeverr\u00eda<b>*<\/b>, Robert Garc\u00e9s, Daniel Saggiomo<b>*<\/b>, Robert Hern\u00e1ndez, Diomar D\u00edaz, Christian Flores, Over Garc\u00eda, Reiner Castro, Rodrigo Febres.<\/p>\n","protected":false},"excerpt":{"rendered":"<p>PRENSA CFC.-\u00a0Caracas F\u00fatbol Club logr\u00f3 traerse de Valera este fin de semana un importante triunfo ante Trujillanos FC, que le permiti\u00f3 recuperar terreno en la clasificaci\u00f3n del Torneo Clausura 2016. Ahora el equipo dirigido t\u00e9cnicamente por Antonio Franco le toca pasar r\u00e1pido la p\u00e1gina, pensando en la dif\u00edcil tarea de este mi\u00e9rcoles frente al Atl\u00e9tico &#8230;<\/p>\n","protected":false},"author":4,"featured_media":28678,"comment_status":"closed","ping_status":"closed","sticky":false,"template":"","format":"standard","meta":{"footnotes":""},"categories":[752,7,9,5,31],"tags":[],"class_list":["post-29728","post","type-post","status-publish","format-standard","has-post-thumbnail","hentry","category-appgd","category-atletico-venezuela","category-caracas-fc","category-futbol-nacional","category-primera-division"],"_links":{"self":[{"href":"http:\/\/gradadigital.com\/home\/wp-json\/wp\/v2\/posts\/29728","targetHints":{"allow":["GET"]}}],"collection":[{"href":"http:\/\/gradadigital.com\/home\/wp-json\/wp\/v2\/posts"}],"about":[{"href":"http:\/\/gradadigital.com\/home\/wp-json\/wp\/v2\/types\/post"}],"author":[{"embeddable":true,"href":"http:\/\/gradadigital.com\/home\/wp-json\/wp\/v2\/users\/4"}],"replies":[{"embeddable":true,"href":"http:\/\/gradadigital.com\/home\/wp-json\/wp\/v2\/comments?post=29728"}],"version-history":[{"count":1,"href":"http:\/\/gradadigital.com\/home\/wp-json\/wp\/v2\/posts\/29728\/revisions"}],"predecessor-version":[{"id":29729,"href":"http:\/\/gradadigital.com\/home\/wp-json\/wp\/v2\/posts\/29728\/revisions\/29729"}],"wp:featuredmedia":[{"embeddable":true,"href":"http:\/\/gradadigital.com\/home\/wp-json\/wp\/v2\/media\/28678"}],"wp:attachment":[{"href":"http:\/\/gradadigital.com\/home\/wp-json\/wp\/v2\/media?parent=29728"}],"wp:term":[{"taxonomy":"category","embeddable":true,"href":"http:\/\/gradadigital.com\/home\/wp-json\/wp\/v2\/categories?post=29728"},{"taxonomy":"post_tag","embeddable":true,"href":"http:\/\/gradadigital.com\/home\/wp-json\/wp\/v2\/tags?post=29728"}],"curies":[{"name":"wp","href":"https:\/\/api.w.org\/{rel}","templated":true}]}}