{"id":29720,"date":"2016-08-02T22:56:59","date_gmt":"2016-08-03T03:26:59","guid":{"rendered":"http:\/\/gradadigital.com\/home\/?p=29720"},"modified":"2016-08-02T22:56:59","modified_gmt":"2016-08-03T03:26:59","slug":"wilfredo-alvarado-asume-como-dt-interino-de-llaneros-que-recibe-al-urena","status":"publish","type":"post","link":"http:\/\/gradadigital.com\/home\/wilfredo-alvarado-asume-como-dt-interino-de-llaneros-que-recibe-al-urena\/","title":{"rendered":"Wilfredo Alvarado asume como DT interino de Llaneros que recibe al Ure\u00f1a"},"content":{"rendered":"<p style=\"text-align: center;\"><img loading=\"lazy\" decoding=\"async\" class=\"alignnone size-full wp-image-29721\" src=\"http:\/\/gradadigital.com\/home\/wp-content\/uploads\/2016\/08\/wilfredo_alvarado_entrenamiento_llaneros_02082016.jpg\" alt=\"wilfredo_alvarado_entrenamiento_llaneros_02082016\" width=\"682\" height=\"455\" srcset=\"http:\/\/gradadigital.com\/home\/wp-content\/uploads\/2016\/08\/wilfredo_alvarado_entrenamiento_llaneros_02082016.jpg 682w, http:\/\/gradadigital.com\/home\/wp-content\/uploads\/2016\/08\/wilfredo_alvarado_entrenamiento_llaneros_02082016-300x200.jpg 300w\" sizes=\"auto, (max-width: 682px) 100vw, 682px\" \/><\/p>\n<p style=\"text-align: justify;\"><strong>Prensa Llaneros\/Johnny Nieto.<\/strong> La noche de este mi\u00e9rcoles Llaneros de Guanare recibir\u00e1 en el estadio Rafael Calles Pinto a Ure\u00f1a SC por la jornada siete del Torneo Clausura 2016, con la notable necesidad de sumar su primer triunfo y la novedad de la desvinculaci\u00f3n del profesor Julio Quintero y su cuerpo t\u00e9cnico quienes junto a la instituci\u00f3n coromotana decidieron dar fin al ciclo.<\/p>\n<p style=\"text-align: justify;\">Quintero mientras estuvo al mando del batall\u00f3n, sum\u00f3 dos unidades en seis presentaciones, lapso en que el conjunto anot\u00f3 dos dianas y encaj\u00f3 diez. La carencia de resultados positivos tiene al cuadro guanare\u00f1o en la pen\u00faltima casilla del Clausura y en el \u00faltimo pelda\u00f1o de la tabla acumulada, lo que llev\u00f3 a que ambas partes tomaran la determinaci\u00f3n de la mejor manera. <strong>\u201cAgradecemos al profesor Julio Quintero su profesionalismo, su trabajo con nosotros y le deseamos \u00e9xitos en sus pr\u00f3ximos retos\u201d,<\/strong> declar\u00f3 Jos\u00e9 M\u00e9ndez, gerente general de la divisa llanera.<\/p>\n<p style=\"text-align: justify;\">En sustituci\u00f3n del barin\u00e9s estar\u00e1 de manera interina el eterno capit\u00e1n de Llaneros, Wilfredo Alvarado, quien lleg\u00f3 al elenco coromotano hace poco como coordinador de categor\u00edas menores. Junto a \u00e9l aparece Javier Y\u00e9pez en la asistencia t\u00e9cnica, uno que ya ha pasado por situaciones similares y durante tres partidos como entrenador interino obtuvo dos triunfos (3 \u2013 2 vs Tucanes) y (3 &#8211; 0 vs Mineros), y un empate (1 \u2013 1 vs Trujillanos) en la 2013 \u2013 2014.<\/p>\n<p style=\"text-align: justify;\">El duelo est\u00e1 pautado para las 7:00 de la noche y el encargado de administrar la justicia deportiva ser\u00e1 Mayker G\u00f3mez, quien pertenece al colegio de \u00e1rbitros del Distrito Capital.<\/p>\n","protected":false},"excerpt":{"rendered":"<p>Prensa Llaneros\/Johnny Nieto. La noche de este mi\u00e9rcoles Llaneros de Guanare recibir\u00e1 en el estadio Rafael Calles Pinto a Ure\u00f1a SC por la jornada siete del Torneo Clausura 2016, con la notable necesidad de sumar su primer triunfo y la novedad de la desvinculaci\u00f3n del profesor Julio Quintero y su cuerpo t\u00e9cnico quienes junto a &#8230;<\/p>\n","protected":false},"author":4,"featured_media":29721,"comment_status":"closed","ping_status":"closed","sticky":false,"template":"","format":"standard","meta":{"footnotes":""},"categories":[752,5,14,31,1875],"tags":[],"class_list":["post-29720","post","type-post","status-publish","format-standard","has-post-thumbnail","hentry","category-appgd","category-futbol-nacional","category-llaneros-fc","category-primera-division","category-urena-sc"],"_links":{"self":[{"href":"http:\/\/gradadigital.com\/home\/wp-json\/wp\/v2\/posts\/29720","targetHints":{"allow":["GET"]}}],"collection":[{"href":"http:\/\/gradadigital.com\/home\/wp-json\/wp\/v2\/posts"}],"about":[{"href":"http:\/\/gradadigital.com\/home\/wp-json\/wp\/v2\/types\/post"}],"author":[{"embeddable":true,"href":"http:\/\/gradadigital.com\/home\/wp-json\/wp\/v2\/users\/4"}],"replies":[{"embeddable":true,"href":"http:\/\/gradadigital.com\/home\/wp-json\/wp\/v2\/comments?post=29720"}],"version-history":[{"count":1,"href":"http:\/\/gradadigital.com\/home\/wp-json\/wp\/v2\/posts\/29720\/revisions"}],"predecessor-version":[{"id":29722,"href":"http:\/\/gradadigital.com\/home\/wp-json\/wp\/v2\/posts\/29720\/revisions\/29722"}],"wp:featuredmedia":[{"embeddable":true,"href":"http:\/\/gradadigital.com\/home\/wp-json\/wp\/v2\/media\/29721"}],"wp:attachment":[{"href":"http:\/\/gradadigital.com\/home\/wp-json\/wp\/v2\/media?parent=29720"}],"wp:term":[{"taxonomy":"category","embeddable":true,"href":"http:\/\/gradadigital.com\/home\/wp-json\/wp\/v2\/categories?post=29720"},{"taxonomy":"post_tag","embeddable":true,"href":"http:\/\/gradadigital.com\/home\/wp-json\/wp\/v2\/tags?post=29720"}],"curies":[{"name":"wp","href":"https:\/\/api.w.org\/{rel}","templated":true}]}}