{"id":29707,"date":"2016-08-02T09:52:05","date_gmt":"2016-08-02T14:22:05","guid":{"rendered":"http:\/\/gradadigital.com\/home\/?p=29707"},"modified":"2016-08-02T09:52:05","modified_gmt":"2016-08-02T14:22:05","slug":"la-vinotinto-sub-20-se-medira-en-semifinales-ante-argentina","status":"publish","type":"post","link":"http:\/\/gradadigital.com\/home\/la-vinotinto-sub-20-se-medira-en-semifinales-ante-argentina\/","title":{"rendered":"La Vinotinto Sub-20 se medir\u00e1 en semifinales ante Argentina"},"content":{"rendered":"<p style=\"text-align: center;\"><img loading=\"lazy\" decoding=\"async\" class=\"alignnone size-full wp-image-29708\" src=\"http:\/\/gradadigital.com\/home\/wp-content\/uploads\/2016\/08\/yeferson_soteldo_venezuela_espana_31072016_2.jpg\" alt=\"yeferson_soteldo_venezuela_espana_31072016_2\" width=\"682\" height=\"455\" srcset=\"http:\/\/gradadigital.com\/home\/wp-content\/uploads\/2016\/08\/yeferson_soteldo_venezuela_espana_31072016_2.jpg 682w, http:\/\/gradadigital.com\/home\/wp-content\/uploads\/2016\/08\/yeferson_soteldo_venezuela_espana_31072016_2-300x200.jpg 300w\" sizes=\"auto, (max-width: 682px) 100vw, 682px\" \/><\/p>\n<p style=\"text-align: justify;\"><strong>Prensa Vinotinto \/ Valencia &#8211;\u00a0<\/strong>La selecci\u00f3n nacional sub-20 obtuvo la noche de este lunes la clasificaci\u00f3n a la semifinal del torneo COTIF, que se disputa en la localidad valenciana de L\u2019Alcudia, luego de disputarse la \u00faltima jornada de la fase de grupos.<\/p>\n<p style=\"text-align: justify;\">La oncena nacional que dirige Rafael Dudamel finaliz\u00f3 segunda del grupo A con la victoria que obtuvo Bahr\u00e9in 3-1 ante Estados Unidos, selecci\u00f3n que necesitaba una victoria para dejar fuera a los criollos.<\/p>\n<p style=\"text-align: justify;\">Este martes la Vinotinto sub-20 enfrentar\u00e1 a Argentina, para buscar uno de los clasificados a la final del certamen. La otra semifinal la disputar\u00e1n las selecciones de Espa\u00f1a y Qatar.<\/p>\n<p style=\"text-align: justify;\">El encuentro se disputar\u00e1 a las 11:15 p.m. hora espa\u00f1ola, 5:15 p.m. de Venezuela.<\/p>\n","protected":false},"excerpt":{"rendered":"<p>Prensa Vinotinto \/ Valencia &#8211;\u00a0La selecci\u00f3n nacional sub-20 obtuvo la noche de este lunes la clasificaci\u00f3n a la semifinal del torneo COTIF, que se disputa en la localidad valenciana de L\u2019Alcudia, luego de disputarse la \u00faltima jornada de la fase de grupos. La oncena nacional que dirige Rafael Dudamel finaliz\u00f3 segunda del grupo A con &#8230;<\/p>\n","protected":false},"author":4,"featured_media":29708,"comment_status":"closed","ping_status":"closed","sticky":false,"template":"","format":"standard","meta":{"footnotes":""},"categories":[752,39,3],"tags":[],"class_list":["post-29707","post","type-post","status-publish","format-standard","has-post-thumbnail","hentry","category-appgd","category-seleccion-nacional-juveniles","category-seleccion-nacional"],"_links":{"self":[{"href":"http:\/\/gradadigital.com\/home\/wp-json\/wp\/v2\/posts\/29707","targetHints":{"allow":["GET"]}}],"collection":[{"href":"http:\/\/gradadigital.com\/home\/wp-json\/wp\/v2\/posts"}],"about":[{"href":"http:\/\/gradadigital.com\/home\/wp-json\/wp\/v2\/types\/post"}],"author":[{"embeddable":true,"href":"http:\/\/gradadigital.com\/home\/wp-json\/wp\/v2\/users\/4"}],"replies":[{"embeddable":true,"href":"http:\/\/gradadigital.com\/home\/wp-json\/wp\/v2\/comments?post=29707"}],"version-history":[{"count":1,"href":"http:\/\/gradadigital.com\/home\/wp-json\/wp\/v2\/posts\/29707\/revisions"}],"predecessor-version":[{"id":29709,"href":"http:\/\/gradadigital.com\/home\/wp-json\/wp\/v2\/posts\/29707\/revisions\/29709"}],"wp:featuredmedia":[{"embeddable":true,"href":"http:\/\/gradadigital.com\/home\/wp-json\/wp\/v2\/media\/29708"}],"wp:attachment":[{"href":"http:\/\/gradadigital.com\/home\/wp-json\/wp\/v2\/media?parent=29707"}],"wp:term":[{"taxonomy":"category","embeddable":true,"href":"http:\/\/gradadigital.com\/home\/wp-json\/wp\/v2\/categories?post=29707"},{"taxonomy":"post_tag","embeddable":true,"href":"http:\/\/gradadigital.com\/home\/wp-json\/wp\/v2\/tags?post=29707"}],"curies":[{"name":"wp","href":"https:\/\/api.w.org\/{rel}","templated":true}]}}