{"id":2970,"date":"2013-07-26T12:34:47","date_gmt":"2013-07-26T17:04:47","guid":{"rendered":"http:\/\/gradadigital.com\/home\/?p=2970"},"modified":"2013-07-26T12:34:47","modified_gmt":"2013-07-26T17:04:47","slug":"alain-estara-listo-para-el-apertura","status":"publish","type":"post","link":"http:\/\/gradadigital.com\/home\/alain-estara-listo-para-el-apertura\/","title":{"rendered":"Alain estar\u00e1 listo para el Apertura"},"content":{"rendered":"<p style=\"text-align: center;\"><img loading=\"lazy\" decoding=\"async\" class=\"alignnone size-full wp-image-2971\" alt=\"miguel_cordero_entrenamiento_caracas_25072013\" src=\"http:\/\/gradadigital.com\/home\/wp-content\/uploads\/2013\/07\/miguel_cordero_entrenamiento_caracas_25072013.jpg\" width=\"596\" height=\"346\" srcset=\"http:\/\/gradadigital.com\/home\/wp-content\/uploads\/2013\/07\/miguel_cordero_entrenamiento_caracas_25072013.jpg 596w, http:\/\/gradadigital.com\/home\/wp-content\/uploads\/2013\/07\/miguel_cordero_entrenamiento_caracas_25072013-300x174.jpg 300w\" sizes=\"auto, (max-width: 596px) 100vw, 596px\" \/><\/p>\n<p style=\"text-align: justify;\"><strong>Mariann Garc\u00eda, Caracas &#8211;<\/strong> Para este torneo Apertura 2013, el Caracas FC podr\u00e1\u00a0 contar desde los primeros partidos con su cancerbero Ala\u00edn Baroja, quien sufri\u00f3 una fractura en la espina escapular la temporada pasada. Para el preparador f\u00edsico Miguel Cordero y el fisioterapeuta Kevin Oropeza, la recuperaci\u00f3n ha sido todo un \u00e9xito.<\/p>\n<p style=\"text-align: justify;\">Han sido muchas las semanas de trabajo, pero la recuperaci\u00f3n del capit\u00e1n\u00a0\u201crojo\u201d\u00a0vali\u00f3\u00a0la pena. El fisioterapeuta del equipo capitalino nos explic\u00f3 c\u00f3mo han trabajado con Baroja desde que llegaron al equipo. <strong>\u201cAlain Baroja yo lo tom\u00e9 el 10 de junio, ya ten\u00eda un mes de reposo. Estaba inmovilizado, ven\u00eda realizando un proceso de recuperaci\u00f3n con agentes f\u00edsicos, trabajaba todo lo que era la parte antiinflamatoria, disminuyendo el dolor\u201d<\/strong>. Oropeza tambi\u00e9n coment\u00f3 que <strong>\u201ca la cuarta semana que comenz\u00f3 con un poco de estabilidad lo reval\u00fao, hicimos un plan de trabajo de estabilidad ligamentosa fortalecimos toda la parte de la cintura escapular, trabajamos sobre el tronco. Asimismo, fuimos integr\u00e1ndolo poco a poco con el grupo haciendo trabajos espec\u00edficos de arqueros. Seguimos con el protocolo de fisioterapia, aplicamos mucho terapia manual en \u00e9l y los resultados se han dado muy bien despu\u00e9s de ocho semanas\u201d.<\/strong><\/p>\n<p style=\"text-align: justify;\">A pesar de ya estar trabajando con el preparador de arqueros, Ala\u00edn ha tenido que seguir una serie de recomendaciones, pues la idea es que no haya una reca\u00edda. <strong>\u201cHay unos trabajos que s\u00ed lo hemos cuidado, por lo menos yo, le digo que no me eleve el brazo por encima de la cabeza o mayor a noventa grados\u201d,<\/strong> apunt\u00f3 Kevin, quien asegur\u00f3 que el arquero de la Cota 905: <strong>\u201cS\u00ed va a estar para las primeras fechas\u201d.<\/strong><\/p>\n<p style=\"text-align: justify;\">Para Miguel Cordero, preparador f\u00edsico de la instituci\u00f3n, Baroja es una persona con compromiso y que a puesto mucho empe\u00f1o para mejorar. <strong>\u201cEs muy profesional, pas\u00f3 por una etapa dif\u00edcil pero la supo superar. Cuando los dem\u00e1s estaban de vacaciones \u00e9l estaba trabajando, cuando empezamos la pretemporada fue uno de los primeros\u201d<\/strong>, exclam\u00f3 Cordero.<\/p>\n<p style=\"text-align: justify;\">Miguel est\u00e1\u00a0contento con el trabajo que realiz\u00f3\u00a0todo el cuerpo m\u00e9dico con este jugador, comenta que <strong>\u201csu recuperaci\u00f3n ha sido buena y muy r\u00e1pida. Hemos achicado los tiempos.\u00a0 Lo m\u00e1s satisfactorio fue que en Matur\u00edn hizo todas las cosas que ten\u00eda que hacer\u201d<\/strong>. Aunque es muy joven, se ha ganado el llamado a la selecci\u00f3n nacional y portar\u00e1 en esta temporada la cinta de capit\u00e1n. El preparador f\u00edsico lo sabe y se siente orgulloso de tener a este futbolista devuelta en las canchas.<\/p>\n","protected":false},"excerpt":{"rendered":"<p>Mariann Garc\u00eda, Caracas &#8211; Para este torneo Apertura 2013, el Caracas FC podr\u00e1\u00a0 contar desde los primeros partidos con su cancerbero Ala\u00edn Baroja, quien sufri\u00f3 una fractura en la espina escapular la temporada pasada. Para el preparador f\u00edsico Miguel Cordero y el fisioterapeuta Kevin Oropeza, la recuperaci\u00f3n ha sido todo un \u00e9xito. Han sido muchas &#8230;<\/p>\n","protected":false},"author":4,"featured_media":2971,"comment_status":"closed","ping_status":"closed","sticky":false,"template":"","format":"standard","meta":{"footnotes":""},"categories":[9,5,31],"tags":[],"class_list":["post-2970","post","type-post","status-publish","format-standard","has-post-thumbnail","hentry","category-caracas-fc","category-futbol-nacional","category-primera-division"],"_links":{"self":[{"href":"http:\/\/gradadigital.com\/home\/wp-json\/wp\/v2\/posts\/2970","targetHints":{"allow":["GET"]}}],"collection":[{"href":"http:\/\/gradadigital.com\/home\/wp-json\/wp\/v2\/posts"}],"about":[{"href":"http:\/\/gradadigital.com\/home\/wp-json\/wp\/v2\/types\/post"}],"author":[{"embeddable":true,"href":"http:\/\/gradadigital.com\/home\/wp-json\/wp\/v2\/users\/4"}],"replies":[{"embeddable":true,"href":"http:\/\/gradadigital.com\/home\/wp-json\/wp\/v2\/comments?post=2970"}],"version-history":[{"count":2,"href":"http:\/\/gradadigital.com\/home\/wp-json\/wp\/v2\/posts\/2970\/revisions"}],"predecessor-version":[{"id":2973,"href":"http:\/\/gradadigital.com\/home\/wp-json\/wp\/v2\/posts\/2970\/revisions\/2973"}],"wp:featuredmedia":[{"embeddable":true,"href":"http:\/\/gradadigital.com\/home\/wp-json\/wp\/v2\/media\/2971"}],"wp:attachment":[{"href":"http:\/\/gradadigital.com\/home\/wp-json\/wp\/v2\/media?parent=2970"}],"wp:term":[{"taxonomy":"category","embeddable":true,"href":"http:\/\/gradadigital.com\/home\/wp-json\/wp\/v2\/categories?post=2970"},{"taxonomy":"post_tag","embeddable":true,"href":"http:\/\/gradadigital.com\/home\/wp-json\/wp\/v2\/tags?post=2970"}],"curies":[{"name":"wp","href":"https:\/\/api.w.org\/{rel}","templated":true}]}}