{"id":29689,"date":"2016-08-02T09:12:10","date_gmt":"2016-08-02T13:42:10","guid":{"rendered":"http:\/\/gradadigital.com\/home\/?p=29689"},"modified":"2016-08-02T09:17:14","modified_gmt":"2016-08-02T13:47:14","slug":"video-asi-leo-gonzalez-inicio-su-proceso-con-el-deportivo-lara","status":"publish","type":"post","link":"http:\/\/gradadigital.com\/home\/video-asi-leo-gonzalez-inicio-su-proceso-con-el-deportivo-lara\/","title":{"rendered":"+VIDEO | As\u00ed Leo Gonz\u00e1lez inici\u00f3 su proceso con el Deportivo Lara"},"content":{"rendered":"<p style=\"text-align: center;\"><img loading=\"lazy\" decoding=\"async\" class=\"alignnone size-full wp-image-29690\" src=\"http:\/\/gradadigital.com\/home\/wp-content\/uploads\/2016\/08\/leonardo_gonzalez_entrenamiento_lara_01082016.jpg\" alt=\"leonardo_gonzalez_entrenamiento_lara_01082016\" width=\"682\" height=\"455\" srcset=\"http:\/\/gradadigital.com\/home\/wp-content\/uploads\/2016\/08\/leonardo_gonzalez_entrenamiento_lara_01082016.jpg 682w, http:\/\/gradadigital.com\/home\/wp-content\/uploads\/2016\/08\/leonardo_gonzalez_entrenamiento_lara_01082016-300x200.jpg 300w\" sizes=\"auto, (max-width: 682px) 100vw, 682px\" \/><\/p>\n<p style=\"text-align: justify;\"><strong>Lcdo. Ram\u00f3n Medina &#8211;<\/strong>\u00a0El nuevo director t\u00e9cnico Leo Gonz\u00e1lez junto con su cuerpo de trabajo, realizaron su primer entrenamiento con el Deportivo Lara en horas de la tarde de este lunes en el Estadio Metropolitano de Cabudare. A continuaci\u00f3n gr\u00e1fica y v\u00eddeo, previo al duelo de este mi\u00e9rcoles por el Torneo Clausura 2016 ante Deportivo Anzo\u00e1tegui.<\/p>\n<p><iframe loading=\"lazy\" src=\"https:\/\/www.youtube.com\/embed\/g0NBUgPM0eI\" width=\"682\" height=\"384\" frameborder=\"0\" allowfullscreen=\"allowfullscreen\"><\/iframe><\/p>\n","protected":false},"excerpt":{"rendered":"<p>Lcdo. Ram\u00f3n Medina &#8211;\u00a0El nuevo director t\u00e9cnico Leo Gonz\u00e1lez junto con su cuerpo de trabajo, realizaron su primer entrenamiento con el Deportivo Lara en horas de la tarde de este lunes en el Estadio Metropolitano de Cabudare. A continuaci\u00f3n gr\u00e1fica y v\u00eddeo, previo al duelo de este mi\u00e9rcoles por el Torneo Clausura 2016 ante Deportivo &#8230;<\/p>\n","protected":false},"author":4,"featured_media":29690,"comment_status":"closed","ping_status":"closed","sticky":false,"template":"","format":"standard","meta":{"footnotes":""},"categories":[27,752,8,5,31],"tags":[],"class_list":["post-29689","post","type-post","status-publish","format-standard","has-post-thumbnail","hentry","category-video","category-appgd","category-cd-lara","category-futbol-nacional","category-primera-division"],"_links":{"self":[{"href":"http:\/\/gradadigital.com\/home\/wp-json\/wp\/v2\/posts\/29689","targetHints":{"allow":["GET"]}}],"collection":[{"href":"http:\/\/gradadigital.com\/home\/wp-json\/wp\/v2\/posts"}],"about":[{"href":"http:\/\/gradadigital.com\/home\/wp-json\/wp\/v2\/types\/post"}],"author":[{"embeddable":true,"href":"http:\/\/gradadigital.com\/home\/wp-json\/wp\/v2\/users\/4"}],"replies":[{"embeddable":true,"href":"http:\/\/gradadigital.com\/home\/wp-json\/wp\/v2\/comments?post=29689"}],"version-history":[{"count":2,"href":"http:\/\/gradadigital.com\/home\/wp-json\/wp\/v2\/posts\/29689\/revisions"}],"predecessor-version":[{"id":29692,"href":"http:\/\/gradadigital.com\/home\/wp-json\/wp\/v2\/posts\/29689\/revisions\/29692"}],"wp:featuredmedia":[{"embeddable":true,"href":"http:\/\/gradadigital.com\/home\/wp-json\/wp\/v2\/media\/29690"}],"wp:attachment":[{"href":"http:\/\/gradadigital.com\/home\/wp-json\/wp\/v2\/media?parent=29689"}],"wp:term":[{"taxonomy":"category","embeddable":true,"href":"http:\/\/gradadigital.com\/home\/wp-json\/wp\/v2\/categories?post=29689"},{"taxonomy":"post_tag","embeddable":true,"href":"http:\/\/gradadigital.com\/home\/wp-json\/wp\/v2\/tags?post=29689"}],"curies":[{"name":"wp","href":"https:\/\/api.w.org\/{rel}","templated":true}]}}