{"id":29672,"date":"2016-08-01T00:55:07","date_gmt":"2016-08-01T05:25:07","guid":{"rendered":"http:\/\/gradadigital.com\/home\/?p=29672"},"modified":"2016-08-01T00:55:07","modified_gmt":"2016-08-01T05:25:07","slug":"leonardo-gonzalez-asume-las-riendas-del-deportivo-lara","status":"publish","type":"post","link":"http:\/\/gradadigital.com\/home\/leonardo-gonzalez-asume-las-riendas-del-deportivo-lara\/","title":{"rendered":"Leonardo Gonz\u00e1lez asume las riendas del Deportivo Lara"},"content":{"rendered":"<p style=\"text-align: center;\"><a href=\"http:\/\/gradadigital.com\/home\/wp-content\/uploads\/2014\/08\/leonardo_gonzalez_laguaira_atlnacional_200820141.jpg\"><img loading=\"lazy\" decoding=\"async\" class=\"alignnone size-full wp-image-14498\" src=\"http:\/\/gradadigital.com\/home\/wp-content\/uploads\/2014\/08\/leonardo_gonzalez_laguaira_atlnacional_200820141.jpg\" alt=\"leonardo_gonzalez_laguaira_atlnacional_20082014\" width=\"682\" height=\"396\" srcset=\"http:\/\/gradadigital.com\/home\/wp-content\/uploads\/2014\/08\/leonardo_gonzalez_laguaira_atlnacional_200820141.jpg 682w, http:\/\/gradadigital.com\/home\/wp-content\/uploads\/2014\/08\/leonardo_gonzalez_laguaira_atlnacional_200820141-300x174.jpg 300w\" sizes=\"auto, (max-width: 682px) 100vw, 682px\" \/><\/a><\/p>\n<p style=\"text-align: justify;\"><strong>Lcdo. Tomy Arguelles &#8211;\u00a0<\/strong>Los directivos rojinegros Jorge Gim\u00e9nez y Silvio Ochoa oficializaron el arribo del profesor Leonardo Gonz\u00e1lez para lo que resta del Torneo Clausura 2016 y toda la temporada 2017 del balompi\u00e9 rentado nacional.<\/p>\n<p style=\"text-align: justify;\">El timonel dirigi\u00f3 el torneo pasado al Deportivo La Guaira y previo a ello al Trujillanos FC. Entre \u00e9l, Pedro Vera y resto del cuerpo t\u00e9cnico de turno han obtenido los \u00faltimos dos t\u00edtulos de Copa Venezuela. Gonz\u00e1lez expres\u00f3 lo que le motiv\u00f3 a decidir en dirigir al rojinegro.<\/p>\n<p style=\"text-align: justify;\"><strong>\u201cTienen una ciudad espectacular, un grupo de jugadores que no creo que deban estar en esa posici\u00f3n, unos directivos que llamaron, que confiaron y que hicieron un esfuerzo por tenerme ac\u00e1 y yo valoro mucho el apoyo y la creencia hacia el trabajo de uno. Tuvimos mucho tiempo conversando con la Junta Directiva y reci\u00e9n se tom\u00f3 la decisi\u00f3n y creo que ha sido la mejor: Por los jugadores, por la ciudad, por su gente y s\u00e9 que no deben estar en la posici\u00f3n actual\u201d.<\/strong><\/p>\n<p style=\"text-align: justify;\">Acorde a su experiencia como DT y tambi\u00e9n por muchos a\u00f1os como jugador \u00bfC\u00f3mo se levanta la actual situaci\u00f3n deportiva del Deportivo Lara? <strong>\u201cYo siempre hab\u00eda arribado a un equipo para arrancar un proyecto, no con uno ya arrancado, pero creo que lo levantamos motiv\u00e1ndolos (A los jugadores), creo que tenemos a jugadores importantes, que ellos se comprometan con la instituci\u00f3n y con ellos mismos, aqu\u00ed nosotros vinimos fue a aportar herramientas, a darle la confianza que ellos se merecen, creo que hay un grupo espectacular, con jugadores que queremos que est\u00e9n m\u00e1s comprometidos con lo que se est\u00e1 haciendo\u201d.<\/strong><\/p>\n<p style=\"text-align: justify;\">El estratega ha visualizado varios partidos del plantel, por lo que de inmediato se le consult\u00f3 acerca del diagn\u00f3stico que puede hacer respecto al funcionamiento del onceno en el campo de juego.<\/p>\n<p style=\"text-align: justify;\"><strong>\u201cVi los dos \u00faltimos partidos (VS. Puerto Cabello y Carabobo FC), es un equipo que no ha tenido la suerte de concretar las oportunidades, contra Carabobo no se gener\u00f3 mucho pero sin lugar a dudas contra Atl\u00e9tico Venezuela y Puerto Cabello generaron bastante, est\u00e1n haciendo cosas interesantes y que tienen buen manejo de bal\u00f3n pero hay que darle un poquito m\u00e1s de orden, que los retornos sean m\u00e1s r\u00e1pidos, que haya un poco de mayor fluidez por las bandas para jugar por all\u00ed porque a lo mejor se est\u00e1 haciendo mucho juego por dentro, son cositas que uno va analizando y que acorde a las caracter\u00edsticas que veamos en los jugadores tomaremos decisiones de c\u00f3mo vamos a jugar\u201d.<\/strong><\/p>\n<p style=\"text-align: justify;\">\u00bfQu\u00e9 le ha pedido a la junta directiva? <strong>\u201cEl respaldo, el cumplimiento, el apoyo para esta instituci\u00f3n, para los jugadores y para nosotros, llegamos en un momento dif\u00edcil pero conf\u00edo en la junta directiva, me dijeron que esto va a ser un proyecto importante a mediano y largo plazo, esta es una directiva con gente buena que est\u00e1 queriendo que el f\u00fatbol crezca, me motiva que en estos \u00faltimos dos partidos los he visto muy comprometidos\u201d.<\/strong><\/p>\n<p style=\"text-align: justify;\">\u00bfQu\u00e9 mensaje le puedes enviar a la afici\u00f3n rojinegra?<\/p>\n<p style=\"text-align: justify;\"><strong>\u201cQue sepan que aqu\u00ed viene un cuerpo t\u00e9cnico a trabajar, que de ahora en adelante nos tienen que matar si un equipo nos quiere ganar, nos jugaremos la vida en cada partido, as\u00ed me gusta que sean los jugadores: Que se comprometan, que as\u00ed ganemos, empatemos o perdamos la afici\u00f3n vea la entrega y compromiso de todos los jugadores, a eso apostaremos, recuperar ese pundonor que deben tener los jugadores para jugar al f\u00fatbol y darle a esa bella afici\u00f3n tan exigente como es la barquisimetana a un equipo que pueda estar en una posici\u00f3n importante. Esperamos poder hacer unas incorporaciones el a\u00f1o que viene y poder tener un equipo m\u00e1s competitivo, pero trataremos desde ya que el equipo sea lo m\u00e1s competitivo posible\u201d<\/strong>, finaliz\u00f3.<\/p>\n<p style=\"text-align: justify;\">Leo Gonz\u00e1lez estar\u00e1 hoy domingo atendiendo asuntos personales fuera de la entidad larense, por lo que se incorporar\u00e1 al equipo en el entrenamiento del lunes a las 4:00 pm en la cancha principal del estadio Metropolitano. Para la sesi\u00f3n de hoy a las 4:00 pm en la cancha alterna, el profesor Pedro Vera y Lewis Gonz\u00e1lez encabezar\u00e1n los trabajos.<\/p>\n","protected":false},"excerpt":{"rendered":"<p>Lcdo. Tomy Arguelles &#8211;\u00a0Los directivos rojinegros Jorge Gim\u00e9nez y Silvio Ochoa oficializaron el arribo del profesor Leonardo Gonz\u00e1lez para lo que resta del Torneo Clausura 2016 y toda la temporada 2017 del balompi\u00e9 rentado nacional. El timonel dirigi\u00f3 el torneo pasado al Deportivo La Guaira y previo a ello al Trujillanos FC. Entre \u00e9l, Pedro &#8230;<\/p>\n","protected":false},"author":4,"featured_media":14498,"comment_status":"closed","ping_status":"closed","sticky":false,"template":"","format":"standard","meta":{"footnotes":""},"categories":[752,8,5,31],"tags":[],"class_list":["post-29672","post","type-post","status-publish","format-standard","has-post-thumbnail","hentry","category-appgd","category-cd-lara","category-futbol-nacional","category-primera-division"],"_links":{"self":[{"href":"http:\/\/gradadigital.com\/home\/wp-json\/wp\/v2\/posts\/29672","targetHints":{"allow":["GET"]}}],"collection":[{"href":"http:\/\/gradadigital.com\/home\/wp-json\/wp\/v2\/posts"}],"about":[{"href":"http:\/\/gradadigital.com\/home\/wp-json\/wp\/v2\/types\/post"}],"author":[{"embeddable":true,"href":"http:\/\/gradadigital.com\/home\/wp-json\/wp\/v2\/users\/4"}],"replies":[{"embeddable":true,"href":"http:\/\/gradadigital.com\/home\/wp-json\/wp\/v2\/comments?post=29672"}],"version-history":[{"count":1,"href":"http:\/\/gradadigital.com\/home\/wp-json\/wp\/v2\/posts\/29672\/revisions"}],"predecessor-version":[{"id":29673,"href":"http:\/\/gradadigital.com\/home\/wp-json\/wp\/v2\/posts\/29672\/revisions\/29673"}],"wp:featuredmedia":[{"embeddable":true,"href":"http:\/\/gradadigital.com\/home\/wp-json\/wp\/v2\/media\/14498"}],"wp:attachment":[{"href":"http:\/\/gradadigital.com\/home\/wp-json\/wp\/v2\/media?parent=29672"}],"wp:term":[{"taxonomy":"category","embeddable":true,"href":"http:\/\/gradadigital.com\/home\/wp-json\/wp\/v2\/categories?post=29672"},{"taxonomy":"post_tag","embeddable":true,"href":"http:\/\/gradadigital.com\/home\/wp-json\/wp\/v2\/tags?post=29672"}],"curies":[{"name":"wp","href":"https:\/\/api.w.org\/{rel}","templated":true}]}}