{"id":29656,"date":"2016-08-01T00:37:24","date_gmt":"2016-08-01T05:07:24","guid":{"rendered":"http:\/\/gradadigital.com\/home\/?p=29656"},"modified":"2016-08-01T00:37:24","modified_gmt":"2016-08-01T05:07:24","slug":"pedro-ramirez-comando-el-triunfo-del-zamora-fc","status":"publish","type":"post","link":"http:\/\/gradadigital.com\/home\/pedro-ramirez-comando-el-triunfo-del-zamora-fc\/","title":{"rendered":"Pedro Ram\u00edrez comand\u00f3 el triunfo del Zamora FC"},"content":{"rendered":"<p style=\"text-align: center;\"><img loading=\"lazy\" decoding=\"async\" class=\"alignnone size-full wp-image-29657\" src=\"http:\/\/gradadigital.com\/home\/wp-content\/uploads\/2016\/08\/pedro_ramirez_zamora_aragua_31072016.jpg\" alt=\"pedro_ramirez_zamora_aragua_31072016\" width=\"682\" height=\"455\" srcset=\"http:\/\/gradadigital.com\/home\/wp-content\/uploads\/2016\/08\/pedro_ramirez_zamora_aragua_31072016.jpg 682w, http:\/\/gradadigital.com\/home\/wp-content\/uploads\/2016\/08\/pedro_ramirez_zamora_aragua_31072016-300x200.jpg 300w\" sizes=\"auto, (max-width: 682px) 100vw, 682px\" \/><\/p>\n<p style=\"text-align: justify;\"><b>Eudy Nu\u00f1ez | Prensa Zamora FC,\u00a0<\/b><b><\/b><b>Barinas | <\/b>Zamora F\u00fatbol Club hizo respetar nuevamente su feudo al vencer (3-0) al Aragua FC en la disputa de la sexta jornada del Torneo Clausura 2016. Contundencia ofensiva y solidez en la zaga fueron las claves para el triunfo en el Agust\u00edn Tovar \u2018La Carolina\u2019 que festej\u00f3 un gol de Erickson Gallardo y doblete de Pedro Ram\u00edrez, resultado que le permiti\u00f3 al elenco llanero apoderarse del primer lugar de la clasificaci\u00f3n.<\/p>\n<p style=\"text-align: justify;\">En los primeros minutos del choque, los blanquinegros inquietaron constantemente el \u00e1rea contraria y en una de esas jugadas de peligro, \u00c1ngel Far\u00eda se fue en carrera por la banda derecha, dese all\u00ed centr\u00f3 para Oscar Hern\u00e1ndez que prob\u00f3 suerte con un remate que pas\u00f3 por encima del horizontal.<\/p>\n<p style=\"text-align: justify;\">Tras media hora de juego, el encuentro se torn\u00f3 de ida y vuelta, pero la Furia Llanera fue la que m\u00e1s ocasiones de peligro gener\u00f3: Pedro Ram\u00edrez, se libr\u00f3 de la defensa contraria, pero el bal\u00f3n se le trab\u00f3 al momento de rematar frente al arco.<\/p>\n<p style=\"text-align: justify;\">Por el cuadro de Juvencio Betancourt, Jes\u00fas Lugo fue quien prob\u00f3 con un zapatazo que se estrell\u00f3 en el horizontal. Despu\u00e9s, en una jugada similar a la de los aurirrojos, Ronaldo Lucena dispar\u00f3 con potencia, sin embargo, el bajante derecho le neg\u00f3 la celebraci\u00f3n al juvenil y con la paridad sin goles, ambos equipos se marcharon al descanso.<\/p>\n<p style=\"text-align: justify;\"><b>\u00a1DOS BARINESES CONDUJERON EL TRIUNFO LLANERO!<\/b><\/p>\n<p style=\"text-align: justify;\">Apenas inici\u00f3 la segunda mitad, \u2018El mago\u2019 intensific\u00f3 la ofensiva llanera y rob\u00f3 la esf\u00e9rica en tres cuartos de cancha, luego se intern\u00f3 dentro del \u00e1rea y remat\u00f3, pero atento estuvo Issa que despej\u00f3. Seguidamente, Richard Blanco habilit\u00f3 a Ricardo Clarke, el paname\u00f1o envi\u00f3 un riflazo que tampoco tuvo fortuna de cara al gol.<\/p>\n<p style=\"text-align: justify;\">Con el fin de quebrantar la muralla defensiva del cuadro visitante, el estratega Francesco Stifano movi\u00f3 sus fichas y con ello dio ingreso a Erickson Gallardo; el barin\u00e9s \u2013tras asistencia de Far\u00eda- la envi\u00f3 al fondo de las redes para la primera celebraci\u00f3n en \u2018La Carolina\u2019 al minuto 65\u2019.<\/p>\n<p style=\"text-align: justify;\">Con el impulso motivacional de haber anotado la primera diana, llegaron -en menos de cinco minutos- dos goles m\u00e1s: el paname\u00f1o con el dorsal \u201821\u2019 habilit\u00f3 a \u2018El Mago\u2019 que defini\u00f3 ajustado al bajante izquierdo de Issa. Luego, Blanco envi\u00f3 un pase para Ram\u00edrez que se sac\u00f3 al guardameta visitante y anot\u00f3 su doblete para as\u00ed aumentar la cuenta a un s\u00f3lido 3-0.<\/p>\n<p style=\"text-align: justify;\">Tras asegurar los tres puntos en casa y el liderato en la tabla de clasificaci\u00f3n, Zamora FC deber\u00e1 enfocar su mira en el pr\u00f3ximo contrincante: Deportivo La Guaira, equipo al que deber\u00e1n visitar el jueves en el estadio Metropolitano de Cabudare por la s\u00e9ptima fecha del Clausura 2016.<\/p>\n<p style=\"text-align: justify;\"><b>FICHA T\u00c9CNICA:<\/b><\/p>\n<p style=\"text-align: justify;\"><b>Zamora FC (3): <\/b>Carlos Salazar, \u00c1ngel Far\u00eda, Edwin Peraza, Yordan Osorio, Luis Ovalle, \u00d3scar Hern\u00e1ndez (Erickson Gallardo 59\u2019), Luis Vargas, Ronaldo Lucena, Pedro Ram\u00edrez (C\u00e9sar Mart\u00ednez 80\u2019), Ricardo Clarke, Richard Blanco (Sebasti\u00e1n Contreras 72\u2019). <b>DT: <\/b>Francesco Stifano.<\/p>\n<p style=\"text-align: justify;\"><b>Suplentes sin jugar: <\/b>Luis Curiel, Ren\u00e9 Flores, Kevin De La Hoz, Ynmer Gonz\u00e1lez.<\/p>\n<p style=\"text-align: justify;\"><b>Aragua FC (2): <\/b>Jean Issa, Juan Garc\u00eda, Dustin Vald\u00e9z, Francisco Fajardo, Jos\u00e9 Acosta (Orlando Peraza 21\u2019), Pedro Vald\u00e9s, Jackson L\u00f3pez, Jarol Herrera, Carlos Hern\u00e1ndez (Alejandro Carrera 63\u2019), Jes\u00fas Lugo, Wuilber Bravo (Framber Villegas 73\u2019). <b>DT: <\/b>Juvencio Betancourt.<\/p>\n<p style=\"text-align: justify;\"><b>Suplentes sin jugar:<\/b> Rafael Ponzo, Luis Castillo, Carlos Zabala, Manuel Trias.<\/p>\n<p style=\"text-align: justify;\"><b>Goles: <\/b>Erickson Gallardo 65\u2019, Pedro Ram\u00edrez 67\u2019, 71\u2019 (ZAM).<\/p>\n<p style=\"text-align: justify;\"><b>Amonestados<\/b>: Ronaldo Lucena 64\u2019, Erickson Gallardo 65\u2019, Ricardo Clarke 90+1\u2019 (ZAM); Dustin Vald\u00e9z 20\u2019 (ARA).<\/p>\n<p style=\"text-align: justify;\"><b>\u00a0Expulsados: <\/b>Juvencio Betancourt \u2013director t\u00e9cnico- 69\u2019 (ARA).<\/p>\n<p style=\"text-align: justify;\"><b>\u00c1rbitro: <\/b>Marlon Escalante (TAC).<\/p>\n<p style=\"text-align: justify;\"><b>Estadio: <\/b>Agust\u00edn Tovar \u2018La Carolina\u2019, Barinas (VEN).<\/p>\n","protected":false},"excerpt":{"rendered":"<p>Eudy Nu\u00f1ez | Prensa Zamora FC,\u00a0Barinas | Zamora F\u00fatbol Club hizo respetar nuevamente su feudo al vencer (3-0) al Aragua FC en la disputa de la sexta jornada del Torneo Clausura 2016. Contundencia ofensiva y solidez en la zaga fueron las claves para el triunfo en el Agust\u00edn Tovar \u2018La Carolina\u2019 que festej\u00f3 un gol &#8230;<\/p>\n","protected":false},"author":4,"featured_media":29657,"comment_status":"closed","ping_status":"closed","sticky":false,"template":"","format":"standard","meta":{"footnotes":""},"categories":[752,6,5,31,21],"tags":[],"class_list":["post-29656","post","type-post","status-publish","format-standard","has-post-thumbnail","hentry","category-appgd","category-aragua-fc","category-futbol-nacional","category-primera-division","category-zamora-fc"],"_links":{"self":[{"href":"http:\/\/gradadigital.com\/home\/wp-json\/wp\/v2\/posts\/29656","targetHints":{"allow":["GET"]}}],"collection":[{"href":"http:\/\/gradadigital.com\/home\/wp-json\/wp\/v2\/posts"}],"about":[{"href":"http:\/\/gradadigital.com\/home\/wp-json\/wp\/v2\/types\/post"}],"author":[{"embeddable":true,"href":"http:\/\/gradadigital.com\/home\/wp-json\/wp\/v2\/users\/4"}],"replies":[{"embeddable":true,"href":"http:\/\/gradadigital.com\/home\/wp-json\/wp\/v2\/comments?post=29656"}],"version-history":[{"count":1,"href":"http:\/\/gradadigital.com\/home\/wp-json\/wp\/v2\/posts\/29656\/revisions"}],"predecessor-version":[{"id":29658,"href":"http:\/\/gradadigital.com\/home\/wp-json\/wp\/v2\/posts\/29656\/revisions\/29658"}],"wp:featuredmedia":[{"embeddable":true,"href":"http:\/\/gradadigital.com\/home\/wp-json\/wp\/v2\/media\/29657"}],"wp:attachment":[{"href":"http:\/\/gradadigital.com\/home\/wp-json\/wp\/v2\/media?parent=29656"}],"wp:term":[{"taxonomy":"category","embeddable":true,"href":"http:\/\/gradadigital.com\/home\/wp-json\/wp\/v2\/categories?post=29656"},{"taxonomy":"post_tag","embeddable":true,"href":"http:\/\/gradadigital.com\/home\/wp-json\/wp\/v2\/tags?post=29656"}],"curies":[{"name":"wp","href":"https:\/\/api.w.org\/{rel}","templated":true}]}}