{"id":29628,"date":"2016-07-30T12:35:22","date_gmt":"2016-07-30T17:05:22","guid":{"rendered":"http:\/\/gradadigital.com\/home\/?p=29628"},"modified":"2016-07-30T12:35:22","modified_gmt":"2016-07-30T17:05:22","slug":"caracas-fc-quiere-sumar-en-valera","status":"publish","type":"post","link":"http:\/\/gradadigital.com\/home\/caracas-fc-quiere-sumar-en-valera\/","title":{"rendered":"Caracas FC quiere sumar en Valera"},"content":{"rendered":"<p style=\"text-align: center;\"><a href=\"http:\/\/gradadigital.com\/home\/wp-content\/uploads\/2016\/07\/once_caracas_portuguesa_03072016.jpg\"><img loading=\"lazy\" decoding=\"async\" class=\"alignnone size-full wp-image-28678\" src=\"http:\/\/gradadigital.com\/home\/wp-content\/uploads\/2016\/07\/once_caracas_portuguesa_03072016.jpg\" alt=\"once_caracas_portuguesa_03072016\" width=\"682\" height=\"455\" srcset=\"http:\/\/gradadigital.com\/home\/wp-content\/uploads\/2016\/07\/once_caracas_portuguesa_03072016.jpg 682w, http:\/\/gradadigital.com\/home\/wp-content\/uploads\/2016\/07\/once_caracas_portuguesa_03072016-300x200.jpg 300w\" sizes=\"auto, (max-width: 682px) 100vw, 682px\" \/><\/a><\/p>\n<p style=\"text-align: justify;\"><b>Prensa CFC &#8211;\u00a0<\/b>Caracas F\u00fatbol Club quiere dejar atr\u00e1s la mala sensaci\u00f3n que dej\u00f3 la eliminaci\u00f3n de Copa Venezuela y este domingo saltar\u00e1 a la cancha del Estadio Jos\u00e9 Alberto P\u00e9rez de Valera para medirse ante Trujillanos FC, en partido correspondiente a la jornada 6 del Torneo Clausura 2016.<\/p>\n<p style=\"text-align: justify;\">El duelo, que iniciar\u00e1 a las 4:00 pm, es trascendental para la escuadra avile\u00f1a, que todav\u00eda no termina de enderezar su rumbo y se le han hecho esquiva las victorias. Adem\u00e1s, el rival que tiene por delante tambi\u00e9n est\u00e1 necesitado de puntos y querr\u00e1 amarrar las tres unidades en su patio para escalar en la tabla de posiciones.<\/p>\n<p style=\"text-align: justify;\">El Endecacampe\u00f3n de Venezuela tambi\u00e9n buscar\u00e1 este domingo terminar con una mala racha de resultados en la ciudad de Valera, donde en las \u00faltimas nueve presentaciones por torneo local no han podido traerse los tres puntos a la capital. Ahora, m\u00e1s que nunca, con un lauro en cinco compromisos, la plantilla querr\u00e1 hacer valer el peso de la camiseta.<\/p>\n<p style=\"text-align: justify;\"><b><i>\u201cLa eliminaci\u00f3n de Copa nos peg\u00f3 a todos, no nos esper\u00e1bamos eso. Tenemos que pasar la p\u00e1gina r\u00e1pidamente y levantarnos r\u00e1pido porque ma\u00f1ana nos toca un partido dif\u00edcil que tenemos ganar s\u00ed o s\u00ed. Trujillanos quiz\u00e1s no pasa por su mejor momento al igual que nosotros, pero siempre se hace muy fuerte de local y tenemos que revertir los resultados de los \u00faltimos a\u00f1os en Valera\u201d<\/i><\/b>, declar\u00f3 Gi\u00e1como Di Giorgi, zaguero capitalino, quien cree que la clave para superar este bache est\u00e1 en la tranquilidad y uni\u00f3n de la plantilla.<\/p>\n<p style=\"text-align: justify;\"><b><i>\u201cCreo que debemos estar tranquilos, ya que trabajamos muy bien y tenemos un grupo de jugadores excelentes. Lo importante ser\u00e1 salir a jugar sin ninguna presi\u00f3n, poner en pr\u00e1ctica lo realizado en la semana y concentrarnos en sumar de a tres\u201d<\/i><\/b>, finaliz\u00f3 el defensor.<\/p>\n<p style=\"text-align: justify;\">Para este encuentro, el entrenador Antonio Franco contar\u00e1 nuevamente con sus jugadores de m\u00e1s experiencia, a diferencia de la lista de 18 contra Tucanes de Amazonas, donde se vieron m\u00e1s a las j\u00f3venes promesas.\u00a0 La \u00fanica baja sensible para este cotejo es la del delantero Edder Far\u00edas, quien sali\u00f3 tocado del partido ante Zamora en la jornada pasada y no se pudo recuperar a tiempo.<\/p>\n<p style=\"text-align: justify;\">El principal de este juego ser\u00e1 Eduardo M\u00e1rmol, asistido por Franchescoly Chac\u00f3n y Yorwis Molina, mientras que el cuarto \u00e1rbitro ser\u00e1 Andr\u00e9s Pern\u00eda, todos del estado M\u00e9rida. Como es costumbre, el encuentro contar\u00e1 con la transmisi\u00f3n en vivo de Uni\u00f3n Radio 1090 AM y su red de emisoras a nivel nacional a partir de las 3:30 pm.<\/p>\n<p style=\"text-align: justify;\"><b>CONVOCADOS:<\/b><\/p>\n<p style=\"text-align: justify;\">Alain Baroja, Yhonattann Yustiz, Jefre Vargas, Andr\u00e9s S\u00e1nchez, William D\u00edaz, Gi\u00e1como Di Giorgi, Rubert Quijada, Miguel Mea Vitali, Evelio Hern\u00e1ndez, Jorge Echeverr\u00eda*, Robert Garc\u00e9s, Diomar D\u00edaz, Christian Flores, Daniel Saggiomo*, Robert Hern\u00e1ndez, Reiner Castro, Over Garc\u00eda, Henry L\u00f3pez.<\/p>\n","protected":false},"excerpt":{"rendered":"<p>Prensa CFC &#8211;\u00a0Caracas F\u00fatbol Club quiere dejar atr\u00e1s la mala sensaci\u00f3n que dej\u00f3 la eliminaci\u00f3n de Copa Venezuela y este domingo saltar\u00e1 a la cancha del Estadio Jos\u00e9 Alberto P\u00e9rez de Valera para medirse ante Trujillanos FC, en partido correspondiente a la jornada 6 del Torneo Clausura 2016. El duelo, que iniciar\u00e1 a las 4:00 &#8230;<\/p>\n","protected":false},"author":8,"featured_media":28678,"comment_status":"closed","ping_status":"closed","sticky":false,"template":"","format":"standard","meta":{"footnotes":""},"categories":[752,9,5,31,19],"tags":[],"class_list":["post-29628","post","type-post","status-publish","format-standard","has-post-thumbnail","hentry","category-appgd","category-caracas-fc","category-futbol-nacional","category-primera-division","category-trujillanos-fc"],"_links":{"self":[{"href":"http:\/\/gradadigital.com\/home\/wp-json\/wp\/v2\/posts\/29628","targetHints":{"allow":["GET"]}}],"collection":[{"href":"http:\/\/gradadigital.com\/home\/wp-json\/wp\/v2\/posts"}],"about":[{"href":"http:\/\/gradadigital.com\/home\/wp-json\/wp\/v2\/types\/post"}],"author":[{"embeddable":true,"href":"http:\/\/gradadigital.com\/home\/wp-json\/wp\/v2\/users\/8"}],"replies":[{"embeddable":true,"href":"http:\/\/gradadigital.com\/home\/wp-json\/wp\/v2\/comments?post=29628"}],"version-history":[{"count":1,"href":"http:\/\/gradadigital.com\/home\/wp-json\/wp\/v2\/posts\/29628\/revisions"}],"predecessor-version":[{"id":29629,"href":"http:\/\/gradadigital.com\/home\/wp-json\/wp\/v2\/posts\/29628\/revisions\/29629"}],"wp:featuredmedia":[{"embeddable":true,"href":"http:\/\/gradadigital.com\/home\/wp-json\/wp\/v2\/media\/28678"}],"wp:attachment":[{"href":"http:\/\/gradadigital.com\/home\/wp-json\/wp\/v2\/media?parent=29628"}],"wp:term":[{"taxonomy":"category","embeddable":true,"href":"http:\/\/gradadigital.com\/home\/wp-json\/wp\/v2\/categories?post=29628"},{"taxonomy":"post_tag","embeddable":true,"href":"http:\/\/gradadigital.com\/home\/wp-json\/wp\/v2\/tags?post=29628"}],"curies":[{"name":"wp","href":"https:\/\/api.w.org\/{rel}","templated":true}]}}