{"id":29624,"date":"2016-07-30T12:14:42","date_gmt":"2016-07-30T16:44:42","guid":{"rendered":"http:\/\/gradadigital.com\/home\/?p=29624"},"modified":"2016-07-30T16:41:55","modified_gmt":"2016-07-30T21:11:55","slug":"la-vinotinto-sub-20-busca-cerrar-victoriosa-la-fase-de-grupos","status":"publish","type":"post","link":"http:\/\/gradadigital.com\/home\/la-vinotinto-sub-20-busca-cerrar-victoriosa-la-fase-de-grupos\/","title":{"rendered":"La Vinotinto Sub-20 busca cerrar victoriosa la fase de grupos"},"content":{"rendered":"<p style=\"text-align: center;\"><img loading=\"lazy\" decoding=\"async\" class=\"alignnone size-full wp-image-29471\" src=\"http:\/\/gradadigital.com\/home\/wp-content\/uploads\/2016\/07\/venezuela_sub20_usa_cotif_3_27072016.jpg\" alt=\"venezuela_sub20_usa_cotif_3_27072016\" width=\"682\" height=\"455\" srcset=\"http:\/\/gradadigital.com\/home\/wp-content\/uploads\/2016\/07\/venezuela_sub20_usa_cotif_3_27072016.jpg 682w, http:\/\/gradadigital.com\/home\/wp-content\/uploads\/2016\/07\/venezuela_sub20_usa_cotif_3_27072016-300x200.jpg 300w\" sizes=\"auto, (max-width: 682px) 100vw, 682px\" \/><\/p>\n<p style=\"text-align: justify;\"><strong>Prensa Vinotinto &#8211;<\/strong> La selecci\u00f3n nacional Sub-20 buscar\u00e1 cerrar por lo alto este domingo el Grupo A del torneo COTIF L\u2019Alc\u00fadia frente a Espa\u00f1a. El combinado patrio llega invicto a este choque, con siete puntos de nueve posibles y no ha recibido ni un solo tanto.<\/p>\n<p style=\"text-align: justify;\">Antes del duelo, el seleccionador nacional hizo un balance de lo que ha sido este certamen y revel\u00f3 sus expectativas para lo que viene.\u00a0<strong>\u201cLos tres primeros partidos han sido de caracter\u00edsticas muy distintas, naturalmente. Lo que a nosotros m\u00e1s nos importa es la respuesta de nuestros jugadores. Los dos primeros (partidos) los hemos ganado por el mismo marcador: 2 a 0. Y tuvimos un control total de los partidos, sufriendo muy pocas ocasiones, o ninguna en nuestro arco\u201d<\/strong>, dijo de las primeras dos pruebas.<\/p>\n<p style=\"text-align: justify;\"><strong>\u201cLuego contra Bahr\u00e9in, por el respeto que ha ganado nuestra selecci\u00f3n por el nivel mostrado en los primeros compromisos, enfrentamos a una selecci\u00f3n con un planteamiento sumamente defensivo y ah\u00ed nos cost\u00f3 en el \u00faltimo tercio ser m\u00e1s profundos y crear ocasiones claras. Debemos aprender a jugar con la responsabilidad del protagonismo, del favoritismo en cada juego\u201d<\/strong>, reflexion\u00f3 de la tercera.<\/p>\n<p style=\"text-align: justify;\">Con este panorama llegar\u00e1 el combinado patrio a su cuarto duelo, del que espera salir bien parada y seguir creciendo, pensando en su pr\u00f3ximo objetivo: el Sudamericano de la categor\u00eda. <strong>\u201cAhora desde la tranquilidad de tener la valla invicta, de tener siete puntos, nos vamos a jugar un partido contra Espa\u00f1a, que indiscutiblemente va a ser el m\u00e1s exigente de la primera fase\u201d<\/strong>, destac\u00f3 el DT.<\/p>\n<p style=\"text-align: justify;\">El partido se disputar\u00e1 ma\u00f1ana a las 3:30 de la tarde (hora de Venezuela) en el estadio Els Arcs de L&#8217;Alcudia.<\/p>\n<p style=\"text-align: justify;\"><strong>Cambio de planificaci\u00f3n<br \/>\n<\/strong>El seleccionador nacional Rafael Dudamel cont\u00f3 que la propuesta de realizar un m\u00f3dulo internacional con la Vinotinto de mayores a principios de agosto no se podr\u00e1 llevar adelante.<\/p>\n<p style=\"text-align: justify;\"><strong>\u201cFinalmente no podremos llevar a cabo, como nos hubiese gustado, el m\u00f3dulo en Madrid con los jugadores de la absoluta. No hemos encontrado una respuesta positiva de parte de la dirigencia de los diferentes clubes, como era de esperarse. Nosotros hicimos la diligencia, los jugadores han intervenido mostrando su deseo, pero entendiendo que estar\u00edan realizando (los clubes) la pen\u00faltima semana de preparaci\u00f3n para el inicio de sus respectivas ligas y entendiendo que no es fecha FIFA, entonces no han tenido la autorizaci\u00f3n\u201d<\/strong>, cont\u00f3 el timonel.<\/p>\n<p style=\"text-align: justify;\">Por esta raz\u00f3n podr\u00e1n trabajar solo con la Sub-20 en suelo europeo, luego que concluya el torneo COTIF. <strong>\u201cEstaremos de igual forma del 8 al 12 de agosto en Madrid, con todo el grupo Sub-20 que est\u00e1 jugando el COTIF y ah\u00ed realizaremos tres partidos amistosos, dos ya definidos, contra Getafe y Atl\u00e9tico de Madrid y buscaremos otro de igual exigencia, para seguir intercionalizando y madurando a nuestra selecci\u00f3n Sub-20\u201d<\/strong>, detall\u00f3 Dudamel.<\/p>\n","protected":false},"excerpt":{"rendered":"<p>Prensa Vinotinto &#8211; La selecci\u00f3n nacional Sub-20 buscar\u00e1 cerrar por lo alto este domingo el Grupo A del torneo COTIF L\u2019Alc\u00fadia frente a Espa\u00f1a. El combinado patrio llega invicto a este choque, con siete puntos de nueve posibles y no ha recibido ni un solo tanto. Antes del duelo, el seleccionador nacional hizo un balance &#8230;<\/p>\n","protected":false},"author":8,"featured_media":29471,"comment_status":"closed","ping_status":"closed","sticky":false,"template":"","format":"standard","meta":{"footnotes":""},"categories":[752,35,39,3],"tags":[],"class_list":["post-29624","post","type-post","status-publish","format-standard","has-post-thumbnail","hentry","category-appgd","category-otras-categorias","category-seleccion-nacional-juveniles","category-seleccion-nacional"],"_links":{"self":[{"href":"http:\/\/gradadigital.com\/home\/wp-json\/wp\/v2\/posts\/29624","targetHints":{"allow":["GET"]}}],"collection":[{"href":"http:\/\/gradadigital.com\/home\/wp-json\/wp\/v2\/posts"}],"about":[{"href":"http:\/\/gradadigital.com\/home\/wp-json\/wp\/v2\/types\/post"}],"author":[{"embeddable":true,"href":"http:\/\/gradadigital.com\/home\/wp-json\/wp\/v2\/users\/8"}],"replies":[{"embeddable":true,"href":"http:\/\/gradadigital.com\/home\/wp-json\/wp\/v2\/comments?post=29624"}],"version-history":[{"count":3,"href":"http:\/\/gradadigital.com\/home\/wp-json\/wp\/v2\/posts\/29624\/revisions"}],"predecessor-version":[{"id":29640,"href":"http:\/\/gradadigital.com\/home\/wp-json\/wp\/v2\/posts\/29624\/revisions\/29640"}],"wp:featuredmedia":[{"embeddable":true,"href":"http:\/\/gradadigital.com\/home\/wp-json\/wp\/v2\/media\/29471"}],"wp:attachment":[{"href":"http:\/\/gradadigital.com\/home\/wp-json\/wp\/v2\/media?parent=29624"}],"wp:term":[{"taxonomy":"category","embeddable":true,"href":"http:\/\/gradadigital.com\/home\/wp-json\/wp\/v2\/categories?post=29624"},{"taxonomy":"post_tag","embeddable":true,"href":"http:\/\/gradadigital.com\/home\/wp-json\/wp\/v2\/tags?post=29624"}],"curies":[{"name":"wp","href":"https:\/\/api.w.org\/{rel}","templated":true}]}}