{"id":2958,"date":"2013-07-26T01:38:10","date_gmt":"2013-07-26T06:08:10","guid":{"rendered":"http:\/\/gradadigital.com\/home\/?p=2958"},"modified":"2013-07-26T01:38:10","modified_gmt":"2013-07-26T06:08:10","slug":"deportivo-lara-emprende-su-viaje-y-tiene-en-el-ojo-a-liga-de-loja","status":"publish","type":"post","link":"http:\/\/gradadigital.com\/home\/deportivo-lara-emprende-su-viaje-y-tiene-en-el-ojo-a-liga-de-loja\/","title":{"rendered":"Deportivo Lara emprende su viaje y tiene en el ojo a Liga de Loja"},"content":{"rendered":"<p dir=\"ltr\" style=\"text-align: center;\"><img loading=\"lazy\" decoding=\"async\" class=\"alignnone size-full wp-image-2959\" alt=\"lenin_bastidas_cdlara_26072013\" src=\"http:\/\/gradadigital.com\/home\/wp-content\/uploads\/2013\/07\/lenin_bastidas_cdlara_26072013.jpg\" width=\"596\" height=\"346\" srcset=\"http:\/\/gradadigital.com\/home\/wp-content\/uploads\/2013\/07\/lenin_bastidas_cdlara_26072013.jpg 596w, http:\/\/gradadigital.com\/home\/wp-content\/uploads\/2013\/07\/lenin_bastidas_cdlara_26072013-300x174.jpg 300w\" sizes=\"auto, (max-width: 596px) 100vw, 596px\" \/><\/p>\n<p dir=\"ltr\" style=\"text-align: justify;\"><strong>Jes\u00fas A. S\u00e1ez S.\u00a0 Barquisimeto.-<\/strong> El pr\u00f3ximo martes el Deportivo Lara emprende un nuevo camino en una competencia internacional, cuando visite a Liga de Loja (Ecuador), en la nueva edici\u00f3n de la Copa Bridgestone Sudam\u00e9rica 2013.<\/p>\n<p dir=\"ltr\" style=\"text-align: justify;\">Antes de partir a tierras ecuatorianas, el cuerpo t\u00e9cnico del conjunto rojinegro sostuvo un encuentro con los medios de comunicaci\u00f3n de la localidad\u00a0 para dar a conocer el cronograma de actividades previo al partido.\u00a0 Este viernes la primera parada del Deportivo Lara ser\u00e1 en Lima &#8211; Per\u00fa, ah\u00ed<br \/>\ndesarrollaran diversos m\u00f3dulos de preparaci\u00f3n y luego el d\u00eda lunes partir\u00e1n a la ciudad de Loja para el reconocimiento de cancha.<\/p>\n<p dir=\"ltr\" style=\"text-align: justify;\">Est\u00e1 es la tercera ocasi\u00f3n que participar\u00e1 la divisa larense en esta instancia internacional, y la primera que enfrenta a Liga Deportiva Universitaria de Loja. El estratega Len\u00edn Bastidas adelant\u00f3 que pudo estudiar un poco al rival a trav\u00e9s de una serie de videos \u00abes un equipo que juega bien, defiende con tres. Tiene buenos carrileros y delanteros, pero nosotros vamos a buscar contrarrestar esto \u00faltimo y buscaremos\u00a0 aprovechar los puntos d\u00e9biles\u00bb.<\/p>\n<p dir=\"ltr\" style=\"text-align: justify;\">Durante semanas el Deportivo Lara estuvo trabajando en su pretemporada, tanto en Barquisimeto como en Acarigua donde disputaron una serie de amistosos, predominando un resultado en contra. A pesar de ello, el director t\u00e9cnico cat\u00e1logo como positivo cada partido \u00abel equipo trabaj\u00f3 de la mejor manera durante este tiempo, hicimos un gran papel para llegar al 100% a Ecuador.\u00a0 Poco a poco se ha podido engranar el equipo, ustedes fueron testigos de lo que se hizo en el Farid,\u00a0 lamentablemente no se nos dieron los resultados pero estoy seguro que nos traeremos uno positivo de all\u00e1\u00bb. Adem\u00e1s dijo que los partidos ida y vuelta tienen un factor a favor, pues los peque\u00f1os detalles son los que marcan la diferencia.<\/p>\n<p dir=\"ltr\" style=\"text-align: justify;\">De la misma forma dijo que los errores fueron corregidos y evitar\u00e1n que suceda en ambos encuentros. \u00abPara eso trabajamos una pretemporada\u00a0 durante un mes. El equipo est\u00e1 trabajando de la mejor manera\u00bb enfatiz\u00f3 Bastidas, asimismo dijo que mantendr\u00e1 el mismo funcionamiento que prob\u00f3 a lo largo de la temporada pasada.<\/p>\n<p dir=\"ltr\" style=\"text-align: justify;\">La altura podr\u00eda ser el factor negativo para los rojinegros, aseguraron que se tomaron las previsiones, pero igual no se conf\u00edan y es por ello que saldr\u00e1n agresivos desde los primeros minutos de partido.<\/p>\n<p dir=\"ltr\" style=\"text-align: justify;\">En otro punto, aclar\u00f3 algo que estaba en duda, si ser\u00e1 convocado o no su m\u00e1xima figura,\u00a0 Aquiles David \u00abChino\u00bb Ocanto quien se vi\u00f3 involucrado en un homicidio a un presunto delincuente, que minutos antes lo hab\u00eda robado.\u00a0 \u00ab\u00c9l podr\u00e1 viajar, ya los abogados se est\u00e1n encargando de eso y aparentemente s\u00ed puede<br \/>\nir\u00bb. Dej\u00f3 en claro que esta situaci\u00f3n les afecta, pues ante todo son una familia y cuando uno de ellos atraviesa algo dif\u00edcil, todos lo sienten. \u00abAhora ya estamos tranquilo,\u00a0 sabemos que \u00e9l nos va aportar bastante en lo deportivo y eso es lo m\u00e1s importante, s\u00f3lo debemos esperar si viajar\u00e1\u00bb.<\/p>\n<p dir=\"ltr\" style=\"text-align: justify;\">Log\u00edstica lista para la vuelta<\/p>\n<p dir=\"ltr\" style=\"text-align: justify;\">Aunque faltan 20 d\u00edas para el partido internacional que albergar\u00e1 el Metropolitano, la gerencia larense desde ya toma las previsiones para garantizar un bonito espect\u00e1culo, as\u00ed lo indic\u00f3 Algimiro Sibada presidente del club. Adelant\u00f3 que sostienen reuniones con los organismos de seguridad para la custodia del evento y de transporte para el traslado de la afici\u00f3n rojinegra.<\/p>\n<p dir=\"ltr\" style=\"text-align: justify;\">Los precios de las entradas oscilan entre los 100 bs la principal, 70 bs popular y 30 bs los ni\u00f1os a partir de los 10 a\u00f1os. \u00abSon costos bien accesibles queremos que vaya mucha gente y en familia\u00bb asegur\u00f3 el directivo.<\/p>\n<p dir=\"ltr\" style=\"text-align: justify;\">Deportivo Lara tiene una nueva oportunidad para rese\u00f1ar otra p\u00e1gina en su libro de historia,\u00a0 los dirigidos buscar\u00e1n cortar la mala racha en esta nueva edici\u00f3n, para as\u00ed acabar con la maldici\u00f3n que tienen los equipos venezolanos en el segundo torneo m\u00e1s importante de clubes, como lo es la Copa Bridgestone Sudamericana.<\/p>\n","protected":false},"excerpt":{"rendered":"<p>Jes\u00fas A. S\u00e1ez S.\u00a0 Barquisimeto.- El pr\u00f3ximo martes el Deportivo Lara emprende un nuevo camino en una competencia internacional, cuando visite a Liga de Loja (Ecuador), en la nueva edici\u00f3n de la Copa Bridgestone Sudam\u00e9rica 2013. Antes de partir a tierras ecuatorianas, el cuerpo t\u00e9cnico del conjunto rojinegro sostuvo un encuentro con los medios de &#8230;<\/p>\n","protected":false},"author":4,"featured_media":2959,"comment_status":"closed","ping_status":"closed","sticky":false,"template":"","format":"standard","meta":{"footnotes":""},"categories":[8,38,5],"tags":[],"class_list":["post-2958","post","type-post","status-publish","format-standard","has-post-thumbnail","hentry","category-cd-lara","category-copa-sudamericana","category-futbol-nacional"],"_links":{"self":[{"href":"http:\/\/gradadigital.com\/home\/wp-json\/wp\/v2\/posts\/2958","targetHints":{"allow":["GET"]}}],"collection":[{"href":"http:\/\/gradadigital.com\/home\/wp-json\/wp\/v2\/posts"}],"about":[{"href":"http:\/\/gradadigital.com\/home\/wp-json\/wp\/v2\/types\/post"}],"author":[{"embeddable":true,"href":"http:\/\/gradadigital.com\/home\/wp-json\/wp\/v2\/users\/4"}],"replies":[{"embeddable":true,"href":"http:\/\/gradadigital.com\/home\/wp-json\/wp\/v2\/comments?post=2958"}],"version-history":[{"count":2,"href":"http:\/\/gradadigital.com\/home\/wp-json\/wp\/v2\/posts\/2958\/revisions"}],"predecessor-version":[{"id":2961,"href":"http:\/\/gradadigital.com\/home\/wp-json\/wp\/v2\/posts\/2958\/revisions\/2961"}],"wp:featuredmedia":[{"embeddable":true,"href":"http:\/\/gradadigital.com\/home\/wp-json\/wp\/v2\/media\/2959"}],"wp:attachment":[{"href":"http:\/\/gradadigital.com\/home\/wp-json\/wp\/v2\/media?parent=2958"}],"wp:term":[{"taxonomy":"category","embeddable":true,"href":"http:\/\/gradadigital.com\/home\/wp-json\/wp\/v2\/categories?post=2958"},{"taxonomy":"post_tag","embeddable":true,"href":"http:\/\/gradadigital.com\/home\/wp-json\/wp\/v2\/tags?post=2958"}],"curies":[{"name":"wp","href":"https:\/\/api.w.org\/{rel}","templated":true}]}}