{"id":29429,"date":"2016-07-26T08:31:32","date_gmt":"2016-07-26T13:01:32","guid":{"rendered":"http:\/\/gradadigital.com\/home\/?p=29429"},"modified":"2016-07-26T08:31:32","modified_gmt":"2016-07-26T13:01:32","slug":"la-vinotinto-sub-17-viaja-a-mexico-para-disputar-amistosos","status":"publish","type":"post","link":"http:\/\/gradadigital.com\/home\/la-vinotinto-sub-17-viaja-a-mexico-para-disputar-amistosos\/","title":{"rendered":"La Vinotinto sub-17 viaja a M\u00e9xico para disputar amistosos"},"content":{"rendered":"<p style=\"text-align: center;\">\n<p style=\"text-align: center;\"><a href=\"http:\/\/gradadigital.com\/home\/wp-content\/uploads\/2016\/07\/vinotinto_femenino_sub17_26072016.jpg\"><img loading=\"lazy\" decoding=\"async\" class=\"alignnone size-full wp-image-29433\" src=\"http:\/\/gradadigital.com\/home\/wp-content\/uploads\/2016\/07\/vinotinto_femenino_sub17_26072016.jpg\" alt=\"vinotinto_femenino_sub17_26072016\" width=\"682\" height=\"455\" srcset=\"http:\/\/gradadigital.com\/home\/wp-content\/uploads\/2016\/07\/vinotinto_femenino_sub17_26072016.jpg 682w, http:\/\/gradadigital.com\/home\/wp-content\/uploads\/2016\/07\/vinotinto_femenino_sub17_26072016-300x200.jpg 300w\" sizes=\"auto, (max-width: 682px) 100vw, 682px\" \/><\/a><\/p>\n<p style=\"text-align: justify;\"><strong>Prensa Femenino FVF &#8211;\u00a0<\/strong>Luego de cuatro semanas de trabajo continuo en Yaracuy, la selecci\u00f3n sub-17 femenina partir\u00e1 rumbo a M\u00e9xico, este martes 26 de julio, para disputar varios partidos amistosos frente al combinado nacional de ese pa\u00eds y ante equipos de su torneo local.<\/p>\n<p style=\"text-align: justify;\">El Mundial de Jordania 2016 cada vez est\u00e1 m\u00e1s cerca y la exigencia en las labores sigue aumentando para las dirigidas por Kenneth Zseremeta, quien defini\u00f3 su lista de 18 jugadoras para la primera gira internacional del elenco criollo con miras al m\u00e1ximo evento intercontinental de la categor\u00eda.<\/p>\n<p style=\"text-align: justify;\"><strong>\u201cEsperamos que en esta gira podamos sacar resultados positivos, porque nos servir\u00eda de referencia para saber c\u00f3mo estamos de cara al Mundial. M\u00e9xico es el subcampe\u00f3n de Concacaf, as\u00ed que ser\u00e1n partidos muy importantes para nosotros\u201d, <\/strong>expuso la caraque\u00f1a Mar\u00eda Gabriela Garc\u00eda, una de las campeonas sudamericanas que estar\u00e1 presente en el viaje.<\/p>\n<p style=\"text-align: justify;\">Dayana Rodr\u00edguez, por su parte, indic\u00f3 que el grupo llegar\u00e1 en estado \u00f3ptimo a los duelos amistosos, luego de su estad\u00eda de 24 d\u00edas en San Felipe.\u00a0 \u201c<strong>El m\u00f3dulo fue muy positivo. Trabajamos dos o tres turnos al d\u00eda, y todas hemos estado muy unidas y concentradas en la parte t\u00e1ctica y en los partidos de preparaci\u00f3n que tuvimos\u201d<\/strong>, manifest\u00f3 la mediocampista<strong>.<\/strong><\/p>\n<p style=\"text-align: justify;\">La Vinotinto regresar\u00e1 al pa\u00eds el 4 de agosto, y continuar\u00e1 entrenando en suelo venezolano durante tres semanas hasta su pr\u00f3xima expedici\u00f3n por Norteam\u00e9rica, esta vez, por Estados Unidos.<\/p>\n<p style=\"text-align: center;\"><a href=\"http:\/\/gradadigital.com\/home\/wp-content\/uploads\/2016\/07\/equipo_femenino_sub17_26072016.jpg\"><img loading=\"lazy\" decoding=\"async\" class=\"alignnone size-full wp-image-29432\" src=\"http:\/\/gradadigital.com\/home\/wp-content\/uploads\/2016\/07\/equipo_femenino_sub17_26072016.jpg\" alt=\"equipo_femenino_sub17_26072016\" width=\"682\" height=\"455\" srcset=\"http:\/\/gradadigital.com\/home\/wp-content\/uploads\/2016\/07\/equipo_femenino_sub17_26072016.jpg 682w, http:\/\/gradadigital.com\/home\/wp-content\/uploads\/2016\/07\/equipo_femenino_sub17_26072016-300x200.jpg 300w\" sizes=\"auto, (max-width: 682px) 100vw, 682px\" \/><\/a><\/p>\n<p style=\"text-align: justify;\"><strong>Convocatoria:<\/strong><\/p>\n<p style=\"text-align: justify;\">Alexa Castro (Deportivo Anzo\u00e1tegui)<\/p>\n<p style=\"text-align: justify;\">Nohelis Coronel (Deportivo Lara)<\/p>\n<p style=\"text-align: justify;\">Iceis Brice\u00f1o (Fufem Aragua)<\/p>\n<p style=\"text-align: justify;\">Nayerlyn Ropero (Independiente La Fr\u00eda)<\/p>\n<p style=\"text-align: justify;\">Heliamar Alvarado (Atl\u00e9tico Yara)<\/p>\n<p style=\"text-align: justify;\">Hilary Vergara (Deportivo Lara)<\/p>\n<p style=\"text-align: justify;\">Mar\u00eda Garc\u00eda (Caracas FC)<\/p>\n<p style=\"text-align: justify;\">Isabel Massa (Caracas FC)<\/p>\n<p style=\"text-align: justify;\">Eliesmy Moreno (Escuela Juan Arango)<\/p>\n<p style=\"text-align: justify;\">Olimar Castillo (Atl\u00e9tico Yara)<\/p>\n<p style=\"text-align: justify;\">Sandra Luzardo (Caucheros FC)<\/p>\n<p style=\"text-align: justify;\">Wilkary Camacho (Deportivo Cojedes)<\/p>\n<p style=\"text-align: justify;\">Yerliane Moreno (Zamora FC)<\/p>\n<p style=\"text-align: justify;\">Gladysmar Rojas (Deportivo Cojedes)<\/p>\n<p style=\"text-align: justify;\">Dayana Rodr\u00edguez (Estudiantes De Gu\u00e1rico)<\/p>\n<p style=\"text-align: justify;\">F\u00e1tima Lobo (Caucheros FC)<\/p>\n<p style=\"text-align: justify;\">Enyer Higuera (Asociaci\u00f3n de Barinas)<\/p>\n<p style=\"text-align: justify;\">Kareylen Capdevilla (Asociaci\u00f3n de Yaracuy)<\/p>\n","protected":false},"excerpt":{"rendered":"<p>Prensa Femenino FVF &#8211;\u00a0Luego de cuatro semanas de trabajo continuo en Yaracuy, la selecci\u00f3n sub-17 femenina partir\u00e1 rumbo a M\u00e9xico, este martes 26 de julio, para disputar varios partidos amistosos frente al combinado nacional de ese pa\u00eds y ante equipos de su torneo local. El Mundial de Jordania 2016 cada vez est\u00e1 m\u00e1s cerca y &#8230;<\/p>\n","protected":false},"author":8,"featured_media":29433,"comment_status":"closed","ping_status":"closed","sticky":false,"template":"","format":"standard","meta":{"footnotes":""},"categories":[752,41],"tags":[],"class_list":["post-29429","post","type-post","status-publish","format-standard","has-post-thumbnail","hentry","category-appgd","category-futbol-femenino"],"_links":{"self":[{"href":"http:\/\/gradadigital.com\/home\/wp-json\/wp\/v2\/posts\/29429","targetHints":{"allow":["GET"]}}],"collection":[{"href":"http:\/\/gradadigital.com\/home\/wp-json\/wp\/v2\/posts"}],"about":[{"href":"http:\/\/gradadigital.com\/home\/wp-json\/wp\/v2\/types\/post"}],"author":[{"embeddable":true,"href":"http:\/\/gradadigital.com\/home\/wp-json\/wp\/v2\/users\/8"}],"replies":[{"embeddable":true,"href":"http:\/\/gradadigital.com\/home\/wp-json\/wp\/v2\/comments?post=29429"}],"version-history":[{"count":1,"href":"http:\/\/gradadigital.com\/home\/wp-json\/wp\/v2\/posts\/29429\/revisions"}],"predecessor-version":[{"id":29434,"href":"http:\/\/gradadigital.com\/home\/wp-json\/wp\/v2\/posts\/29429\/revisions\/29434"}],"wp:featuredmedia":[{"embeddable":true,"href":"http:\/\/gradadigital.com\/home\/wp-json\/wp\/v2\/media\/29433"}],"wp:attachment":[{"href":"http:\/\/gradadigital.com\/home\/wp-json\/wp\/v2\/media?parent=29429"}],"wp:term":[{"taxonomy":"category","embeddable":true,"href":"http:\/\/gradadigital.com\/home\/wp-json\/wp\/v2\/categories?post=29429"},{"taxonomy":"post_tag","embeddable":true,"href":"http:\/\/gradadigital.com\/home\/wp-json\/wp\/v2\/tags?post=29429"}],"curies":[{"name":"wp","href":"https:\/\/api.w.org\/{rel}","templated":true}]}}