{"id":29403,"date":"2016-07-24T20:23:07","date_gmt":"2016-07-25T00:53:07","guid":{"rendered":"http:\/\/gradadigital.com\/home\/?p=29403"},"modified":"2016-07-25T08:24:39","modified_gmt":"2016-07-25T12:54:39","slug":"igualdad-entre-la-guaira-y-portuguesa","status":"publish","type":"post","link":"http:\/\/gradadigital.com\/home\/igualdad-entre-la-guaira-y-portuguesa\/","title":{"rendered":"Igualdad entre La Guaira y Portuguesa"},"content":{"rendered":"<p style=\"text-align: center;\"><img loading=\"lazy\" decoding=\"async\" class=\"alignnone size-full wp-image-29404\" src=\"http:\/\/gradadigital.com\/home\/wp-content\/uploads\/2016\/07\/jhon_chancellor_laguaira_portuguesa_24072016.jpg\" alt=\"jhon_chancellor_laguaira_portuguesa_24072016\" width=\"682\" height=\"455\" srcset=\"http:\/\/gradadigital.com\/home\/wp-content\/uploads\/2016\/07\/jhon_chancellor_laguaira_portuguesa_24072016.jpg 682w, http:\/\/gradadigital.com\/home\/wp-content\/uploads\/2016\/07\/jhon_chancellor_laguaira_portuguesa_24072016-300x200.jpg 300w\" sizes=\"auto, (max-width: 682px) 100vw, 682px\" \/><\/p>\n<p style=\"text-align: justify;\"><strong>Francesco Leggieri, Prensa Dvo. La Guaira.-<\/strong> En un partido parejo y con pocas opciones de gol, el Deportivo La Guaira igual\u00f3 a cero con Portuguesa FC en el Metropolitano de Cabudare. Los naranjas contin\u00faan sumando en este arranque de torneo y ya acumulan ocho unidades.<\/p>\n<p style=\"text-align: justify;\">Bajo el arbitraje de Emilkar Caldera, Deportivo La Guaira y Portuguesa FC se med\u00edan en el Metropolitano de Cabudare. Desde el principio, el conjunto naranja busc\u00f3 tomar las riendas del compromiso, apoder\u00e1ndose a la esf\u00e9rica y buscando los espacios.<\/p>\n<p style=\"text-align: justify;\">Los dirigidos por Eduardo Sarag\u00f3 ser\u00edan los encargados de generar la primera ocasi\u00f3n de peligro, tras una acci\u00f3n colectiva que termin\u00f3 definiendo Gustavo Rojas con un remate por encima del arco.<\/p>\n<p style=\"text-align: justify;\">Luego en la fracci\u00f3n 15, la visita tom\u00f3 protagonismo y comenz\u00f3 a encimarse al arco naranja. Tras varios intentos, los de Acarigua casi abren el marcador al minuto 20,\u00a0 tras un potente disparo de Luis Blanco, el cual fue despejado por Felipe N\u00fa\u00f1ez.<\/p>\n<p style=\"text-align: justify;\">Pese a la insistencia del rival, la defensa naranja se comport\u00f3 a la altura y mantuvo a raya a los rojinegros. Acto seguido, el DLG adelant\u00f3 sus l\u00edneas y comenz\u00f3 a generar peligro desde la pelota quieta.<\/p>\n<p style=\"text-align: justify;\">En la etapa complementaria, La Guaira y Portuguesa FC mostraron una intensa lucha en el medio sector. Sin embargo, los llaneros comenzaron a generar peligro desde los costados, donde al minuto 58 casi logran abrir el marcador tras un centro por derecho, que en el \u00e1rea chica, Andr\u00e9s Mosquera remat\u00f3 y mand\u00f3 la esf\u00e9rica al poste.<\/p>\n<p style=\"text-align: justify;\">Al minuto 70, La Guaira responder\u00eda con un remate de media distancia de Zamir Valoyes, el cual fue detenido y despejado al tiro de esquina por Eduardo Lima. Minutos despu\u00e9s, el turno ser\u00eda para Fredys Arrieta, quien probaba suerte con un disparo frontal que se fue por un costado.<\/p>\n<p style=\"text-align: justify;\">En los minutos finales, La Guaira tom\u00f3 posesi\u00f3n de la redonda y comenz\u00f3 a arrinconar a su rival. Pese a sus intentos, la escuadra naranja no encontraba los espacios para generar peligro. Al final, La Guaira igualar\u00eda a cero con Portuguesa FC.<\/p>\n<p style=\"text-align: justify;\"><strong>Ficha T\u00e9cnica: <\/strong><\/p>\n<p style=\"text-align: justify;\"><strong>Deportivo La Guaira (0): <\/strong>Felipe N\u00fa\u00f1ez; David Rambal* (Aitor L\u00f3pez* 75\u00b4), Frannklin Lucena, Jhon Chancellor, Franklin Lucena (C), Oscar Gonz\u00e1lez; Darwin Gonz\u00e1lez, Arles Flores, Arqu\u00edmedes Figuera, Gustavo Rojas (Vicente Suanno 53\u00b4); Zamir Valoyes (Jos\u00e9 Luis Granados 75\u00b4) y Fredys Arrieta. <strong>DT:<\/strong> Eduardo Sarag\u00f3<\/p>\n<p style=\"text-align: justify;\"><strong>Suplentes sin jugar: <\/strong>Luis Romero, Luis Morgillo, Irwin Ant\u00f3n, Argenis G\u00f3mez.<\/p>\n<p style=\"text-align: justify;\"><strong>Portuguesa FC (0): <\/strong>Eduardo Lima; Jes\u00fas \u00c1lvarez, Edixon Cuevas, Jorge Luna, Oscar Rojas; Luis Blanco, Ra\u00fal Vallona (Pablo P\u00e9rez 88\u00b4), Bernando Manzano (C), Freddy V\u00e1squez*; Andr\u00e9s Mosquera (Andris Herrera 76\u00b4), Manuel Murillo (Romer Rojas 66\u00b4). DT: Horacio Matuszyczm<\/p>\n<p style=\"text-align: justify;\"><strong>Suplentes sin jugar: <\/strong>Argenis M\u00e1rquez, Jhon Marchan, Julio D\u00b4Agnese, Raudy Guerrero.<\/p>\n<p style=\"text-align: justify;\"><strong>Gol: <\/strong>No hubo<\/p>\n<p style=\"text-align: justify;\"><strong>Tarjeta amarilla: <\/strong>Freddy V\u00e1squez (17\u00b4) <strong>(POR);<\/strong> Jhon Chancellor (48\u00b4), Arles Flores (68\u00b4) <strong>(DLG)<\/strong><\/p>\n<p style=\"text-align: justify;\"><strong>\u00c1rbitro Principal:<\/strong> Emilkar Caldera (Lara)\u00a0 <strong>| 1er Asistente:<\/strong> Lemir Ledezma\u00a0 (Lara)\u00a0 <strong>| 2do Asistente:<\/strong> Freiker Colmenares (Lara)\u00a0 <strong>| 4to \u00c1rbitro:<\/strong> Jhomer Torrealba (Lara)<\/p>\n<p style=\"text-align: justify;\"><strong>Estadio:<\/strong> Metropolitano de Cabudare<\/p>\n<p style=\"text-align: justify;\"><strong>Jornada 5, Torneo Clausura 2016 <\/strong><\/p>\n","protected":false},"excerpt":{"rendered":"<p>Francesco Leggieri, Prensa Dvo. La Guaira.- En un partido parejo y con pocas opciones de gol, el Deportivo La Guaira igual\u00f3 a cero con Portuguesa FC en el Metropolitano de Cabudare. Los naranjas contin\u00faan sumando en este arranque de torneo y ya acumulan ocho unidades. Bajo el arbitraje de Emilkar Caldera, Deportivo La Guaira y &#8230;<\/p>\n","protected":false},"author":4,"featured_media":29404,"comment_status":"closed","ping_status":"closed","sticky":false,"template":"","format":"standard","meta":{"footnotes":""},"categories":[752,18,5,17,31],"tags":[],"class_list":["post-29403","post","type-post","status-publish","format-standard","has-post-thumbnail","hentry","category-appgd","category-real-esppor","category-futbol-nacional","category-portuguesa-fc","category-primera-division"],"_links":{"self":[{"href":"http:\/\/gradadigital.com\/home\/wp-json\/wp\/v2\/posts\/29403","targetHints":{"allow":["GET"]}}],"collection":[{"href":"http:\/\/gradadigital.com\/home\/wp-json\/wp\/v2\/posts"}],"about":[{"href":"http:\/\/gradadigital.com\/home\/wp-json\/wp\/v2\/types\/post"}],"author":[{"embeddable":true,"href":"http:\/\/gradadigital.com\/home\/wp-json\/wp\/v2\/users\/4"}],"replies":[{"embeddable":true,"href":"http:\/\/gradadigital.com\/home\/wp-json\/wp\/v2\/comments?post=29403"}],"version-history":[{"count":1,"href":"http:\/\/gradadigital.com\/home\/wp-json\/wp\/v2\/posts\/29403\/revisions"}],"predecessor-version":[{"id":29405,"href":"http:\/\/gradadigital.com\/home\/wp-json\/wp\/v2\/posts\/29403\/revisions\/29405"}],"wp:featuredmedia":[{"embeddable":true,"href":"http:\/\/gradadigital.com\/home\/wp-json\/wp\/v2\/media\/29404"}],"wp:attachment":[{"href":"http:\/\/gradadigital.com\/home\/wp-json\/wp\/v2\/media?parent=29403"}],"wp:term":[{"taxonomy":"category","embeddable":true,"href":"http:\/\/gradadigital.com\/home\/wp-json\/wp\/v2\/categories?post=29403"},{"taxonomy":"post_tag","embeddable":true,"href":"http:\/\/gradadigital.com\/home\/wp-json\/wp\/v2\/tags?post=29403"}],"curies":[{"name":"wp","href":"https:\/\/api.w.org\/{rel}","templated":true}]}}