{"id":29267,"date":"2016-07-20T23:33:13","date_gmt":"2016-07-21T04:03:13","guid":{"rendered":"http:\/\/gradadigital.com\/home\/?p=29267"},"modified":"2016-07-21T01:38:19","modified_gmt":"2016-07-21T06:08:19","slug":"igualdad-en-el-inicio-de-la-final-de-la-copa-libertadores","status":"publish","type":"post","link":"http:\/\/gradadigital.com\/home\/igualdad-en-el-inicio-de-la-final-de-la-copa-libertadores\/","title":{"rendered":"Igualdad en el inicio de la Final de la Copa Libertadores"},"content":{"rendered":"<p style=\"text-align: center;\"><img loading=\"lazy\" decoding=\"async\" class=\"alignnone size-full wp-image-29270\" src=\"http:\/\/gradadigital.com\/home\/wp-content\/uploads\/2016\/07\/orlando_berrio_jefferson_orejuela_independientedelvalle_atlnacional_20072016.jpg\" alt=\"orlando_berrio_jefferson_orejuela_independientedelvalle_atlnacional_20072016\" width=\"682\" height=\"455\" srcset=\"http:\/\/gradadigital.com\/home\/wp-content\/uploads\/2016\/07\/orlando_berrio_jefferson_orejuela_independientedelvalle_atlnacional_20072016.jpg 682w, http:\/\/gradadigital.com\/home\/wp-content\/uploads\/2016\/07\/orlando_berrio_jefferson_orejuela_independientedelvalle_atlnacional_20072016-300x200.jpg 300w\" sizes=\"auto, (max-width: 682px) 100vw, 682px\" \/><\/p>\n<p style=\"text-align: justify;\"><strong>Prensa FIFA &#8211;<\/strong> Independiente del Valle rescat\u00f3 un empate en casa a cuatro minutos de que terminara la final de ida de la Copa Libertadores 2016. El partido, disputado el mi\u00e9rcoles 20 de julio en Ecuador, cont\u00f3 con los goles del colombiano Orlando Berr\u00edo y del ecuatoriano Arturo Mina.<\/p>\n<p style=\"text-align: justify;\">La primer llegada importante de Independiente del Valle lleg\u00f3 apenas a los tres minutos. Los Angulo se combinaron al frente con una r\u00e1pida pared entre los defensores del Atl\u00e9tico Nacional, pero a la hora de buscar la meta, la pelota sali\u00f3 desviada.<\/p>\n<p style=\"text-align: justify;\">Los locales se acercaron un par de veces m\u00e1s, pero poco a poco el Atl\u00e9tico Nacional tom\u00f3 el control del metr\u00f3nomo del partido y baj\u00f3 el ritmo. <em>El Verdolaga<\/em> se hizo de la pelota y la pase\u00f3 con seguridad entre sus l\u00edneas, frenando el asedio rival.<\/p>\n<p style=\"text-align: justify;\">Al 20&#8242; Franco Armani luci\u00f3 sus reflejos. Junior Sornoza mand\u00f3 un centro envenenado al \u00e1rea del Al\u00e9tico Nacional que la defensa no pudo despejar. La pelota dio en la cara de Arturo Mina a pocos metros del portero colombiano, quien tuvo que reaccionar r\u00e1pido para mantener su porter\u00eda sin goles.<\/p>\n<p style=\"text-align: justify;\"><strong>Estrategia y definici\u00f3n<\/strong><br \/>\nFinalmente lleg\u00f3 el gol en la madurez de la primer parte. Orlando Berr\u00edo recibi\u00f3 afuera del \u00e1rea, se sac\u00f3 de encima la marca de tres rivales que le quitaban el ox\u00edgeno, dio media vuelta y dispar\u00f3 por abajo, lejos del lance del arquero Librado Azcona (0-1, 36&#8242;).<\/p>\n<p style=\"text-align: justify;\">En la segunda mitad Atl\u00e9tico Nacional comenz\u00f3 controlando de nueva cuenta el ritmo del encuentro. Tocaron corto y buscaron desacomodar al rival. Con el pasar de los minutos, Independiente del Valle les quit\u00f3 la pelota,\u00a0 y apelando a la paciencia intentaron descifrar el candado.<\/p>\n<p style=\"text-align: justify;\">Y finalmente la recompensa para los anfitriones. En una jugada a bal\u00f3n parado, Arturo Mina se encontr\u00f3 en el \u00e1rea con un rebote que otorg\u00f3 el arquero Armani. El defensor ecuatoriano no desaprovech\u00f3 la oportunidad y emparej\u00f3 el marcador para el delirio de los aficionados presentes (1-1, 86&#8242;).<\/p>\n<p style=\"text-align: justify;\">El representante sudamericano en la Copa Mundial de la FIFA Jap\u00f3n 2016 se conocer\u00e1 el 27 de julio, cuando se juegue la final de vuelta en casa del Atl\u00e9tico Nacional y se defina al campe\u00f3n de la presente edici\u00f3n de la Copa Libertadores.<\/p>\n<p style=\"text-align: center;\"><strong>FOTOS<\/strong><\/p>\n<p style=\"text-align: center;\"><img loading=\"lazy\" decoding=\"async\" class=\"alignnone size-full wp-image-29273\" src=\"http:\/\/gradadigital.com\/home\/wp-content\/uploads\/2016\/07\/davinson_sanchez_arturo_mina_independientedelvalle_atlnacional_20072016.jpg\" alt=\"davinson_sanchez_arturo_mina_independientedelvalle_atlnacional_20072016\" width=\"682\" height=\"455\" srcset=\"http:\/\/gradadigital.com\/home\/wp-content\/uploads\/2016\/07\/davinson_sanchez_arturo_mina_independientedelvalle_atlnacional_20072016.jpg 682w, http:\/\/gradadigital.com\/home\/wp-content\/uploads\/2016\/07\/davinson_sanchez_arturo_mina_independientedelvalle_atlnacional_20072016-300x200.jpg 300w\" sizes=\"auto, (max-width: 682px) 100vw, 682px\" \/><\/p>\n<p style=\"text-align: center;\"><img loading=\"lazy\" decoding=\"async\" class=\"alignnone size-full wp-image-29272\" src=\"http:\/\/gradadigital.com\/home\/wp-content\/uploads\/2016\/07\/aficion_atlnacional_independientedelvalle_atlnacional_20072016.jpg\" alt=\"aficion_atlnacional_independientedelvalle_atlnacional_20072016\" width=\"682\" height=\"455\" srcset=\"http:\/\/gradadigital.com\/home\/wp-content\/uploads\/2016\/07\/aficion_atlnacional_independientedelvalle_atlnacional_20072016.jpg 682w, http:\/\/gradadigital.com\/home\/wp-content\/uploads\/2016\/07\/aficion_atlnacional_independientedelvalle_atlnacional_20072016-300x200.jpg 300w\" sizes=\"auto, (max-width: 682px) 100vw, 682px\" \/><\/p>\n<p style=\"text-align: center;\"><img loading=\"lazy\" decoding=\"async\" class=\"alignnone size-full wp-image-29270\" src=\"http:\/\/gradadigital.com\/home\/wp-content\/uploads\/2016\/07\/orlando_berrio_jefferson_orejuela_independientedelvalle_atlnacional_20072016.jpg\" alt=\"orlando_berrio_jefferson_orejuela_independientedelvalle_atlnacional_20072016\" width=\"682\" height=\"455\" srcset=\"http:\/\/gradadigital.com\/home\/wp-content\/uploads\/2016\/07\/orlando_berrio_jefferson_orejuela_independientedelvalle_atlnacional_20072016.jpg 682w, http:\/\/gradadigital.com\/home\/wp-content\/uploads\/2016\/07\/orlando_berrio_jefferson_orejuela_independientedelvalle_atlnacional_20072016-300x200.jpg 300w\" sizes=\"auto, (max-width: 682px) 100vw, 682px\" \/><\/p>\n<p style=\"text-align: center;\"><img loading=\"lazy\" decoding=\"async\" class=\"alignnone size-full wp-image-29269\" src=\"http:\/\/gradadigital.com\/home\/wp-content\/uploads\/2016\/07\/orlando_berrio_independientedelvalle_atlnacional_20072016.jpg\" alt=\"orlando_berrio_independientedelvalle_atlnacional_20072016\" width=\"682\" height=\"455\" srcset=\"http:\/\/gradadigital.com\/home\/wp-content\/uploads\/2016\/07\/orlando_berrio_independientedelvalle_atlnacional_20072016.jpg 682w, http:\/\/gradadigital.com\/home\/wp-content\/uploads\/2016\/07\/orlando_berrio_independientedelvalle_atlnacional_20072016-300x200.jpg 300w\" sizes=\"auto, (max-width: 682px) 100vw, 682px\" \/><\/p>\n<p style=\"text-align: center;\"><img loading=\"lazy\" decoding=\"async\" class=\"alignnone size-full wp-image-29274\" src=\"http:\/\/gradadigital.com\/home\/wp-content\/uploads\/2016\/07\/orlando_berrio_independientedelvalle_atlnacional_20072016_2.jpg\" alt=\"orlando_berrio_independientedelvalle_atlnacional_20072016_2\" width=\"682\" height=\"455\" srcset=\"http:\/\/gradadigital.com\/home\/wp-content\/uploads\/2016\/07\/orlando_berrio_independientedelvalle_atlnacional_20072016_2.jpg 682w, http:\/\/gradadigital.com\/home\/wp-content\/uploads\/2016\/07\/orlando_berrio_independientedelvalle_atlnacional_20072016_2-300x200.jpg 300w\" sizes=\"auto, (max-width: 682px) 100vw, 682px\" \/><\/p>\n<p style=\"text-align: center;\"><img loading=\"lazy\" decoding=\"async\" class=\"alignnone size-full wp-image-29268\" src=\"http:\/\/gradadigital.com\/home\/wp-content\/uploads\/2016\/07\/arturo_mina_independientedelvalle_atlnacional_20072016.jpg\" alt=\"arturo_mina_independientedelvalle_atlnacional_20072016\" width=\"682\" height=\"455\" srcset=\"http:\/\/gradadigital.com\/home\/wp-content\/uploads\/2016\/07\/arturo_mina_independientedelvalle_atlnacional_20072016.jpg 682w, http:\/\/gradadigital.com\/home\/wp-content\/uploads\/2016\/07\/arturo_mina_independientedelvalle_atlnacional_20072016-300x200.jpg 300w\" sizes=\"auto, (max-width: 682px) 100vw, 682px\" \/><\/p>\n<p style=\"text-align: center;\"><img loading=\"lazy\" decoding=\"async\" class=\"alignnone size-full wp-image-29271\" src=\"http:\/\/gradadigital.com\/home\/wp-content\/uploads\/2016\/07\/aficion_atlnacional_independientedelvalle_atlnacional_20072016_2.jpg\" alt=\"aficion_atlnacional_independientedelvalle_atlnacional_20072016_2\" width=\"682\" height=\"455\" srcset=\"http:\/\/gradadigital.com\/home\/wp-content\/uploads\/2016\/07\/aficion_atlnacional_independientedelvalle_atlnacional_20072016_2.jpg 682w, http:\/\/gradadigital.com\/home\/wp-content\/uploads\/2016\/07\/aficion_atlnacional_independientedelvalle_atlnacional_20072016_2-300x200.jpg 300w\" sizes=\"auto, (max-width: 682px) 100vw, 682px\" \/><\/p>\n<blockquote class=\"twitter-tweet\" data-partner=\"tweetdeck\">\n<p dir=\"ltr\" lang=\"es\"><a href=\"https:\/\/twitter.com\/hashtag\/OFICIAL?src=hash\">#OFICIAL<\/a>: Guerra se convierte en el 2do venezolano en disputar una Final de Libertadores <a href=\"https:\/\/t.co\/TBcpsmiEgL\">https:\/\/t.co\/TBcpsmiEgL<\/a> <a href=\"https:\/\/t.co\/uBZd4ZB4Ip\">pic.twitter.com\/uBZd4ZB4Ip<\/a><\/p>\n<p>\u2014 Grada Digital (@GradaDigital) <a href=\"https:\/\/twitter.com\/GradaDigital\/status\/755965151862489088\">July 21, 2016<\/a><\/p><\/blockquote>\n<p><script src=\"\/\/platform.twitter.com\/widgets.js\" async=\"\" charset=\"utf-8\"><\/script><\/p>\n","protected":false},"excerpt":{"rendered":"<p>Prensa FIFA &#8211; Independiente del Valle rescat\u00f3 un empate en casa a cuatro minutos de que terminara la final de ida de la Copa Libertadores 2016. El partido, disputado el mi\u00e9rcoles 20 de julio en Ecuador, cont\u00f3 con los goles del colombiano Orlando Berr\u00edo y del ecuatoriano Arturo Mina. La primer llegada importante de Independiente &#8230;<\/p>\n","protected":false},"author":4,"featured_media":0,"comment_status":"closed","ping_status":"closed","sticky":false,"template":"","format":"standard","meta":{"footnotes":""},"categories":[752,37,36,4],"tags":[],"class_list":["post-29267","post","type-post","status-publish","format-standard","hentry","category-appgd","category-copa-libertadores","category-internacional","category-legionarios"],"_links":{"self":[{"href":"http:\/\/gradadigital.com\/home\/wp-json\/wp\/v2\/posts\/29267","targetHints":{"allow":["GET"]}}],"collection":[{"href":"http:\/\/gradadigital.com\/home\/wp-json\/wp\/v2\/posts"}],"about":[{"href":"http:\/\/gradadigital.com\/home\/wp-json\/wp\/v2\/types\/post"}],"author":[{"embeddable":true,"href":"http:\/\/gradadigital.com\/home\/wp-json\/wp\/v2\/users\/4"}],"replies":[{"embeddable":true,"href":"http:\/\/gradadigital.com\/home\/wp-json\/wp\/v2\/comments?post=29267"}],"version-history":[{"count":2,"href":"http:\/\/gradadigital.com\/home\/wp-json\/wp\/v2\/posts\/29267\/revisions"}],"predecessor-version":[{"id":29276,"href":"http:\/\/gradadigital.com\/home\/wp-json\/wp\/v2\/posts\/29267\/revisions\/29276"}],"wp:attachment":[{"href":"http:\/\/gradadigital.com\/home\/wp-json\/wp\/v2\/media?parent=29267"}],"wp:term":[{"taxonomy":"category","embeddable":true,"href":"http:\/\/gradadigital.com\/home\/wp-json\/wp\/v2\/categories?post=29267"},{"taxonomy":"post_tag","embeddable":true,"href":"http:\/\/gradadigital.com\/home\/wp-json\/wp\/v2\/tags?post=29267"}],"curies":[{"name":"wp","href":"https:\/\/api.w.org\/{rel}","templated":true}]}}