{"id":29264,"date":"2016-07-21T01:27:56","date_gmt":"2016-07-21T05:57:56","guid":{"rendered":"http:\/\/gradadigital.com\/home\/?p=29264"},"modified":"2016-07-21T01:27:56","modified_gmt":"2016-07-21T05:57:56","slug":"igualdad-en-maturin","status":"publish","type":"post","link":"http:\/\/gradadigital.com\/home\/igualdad-en-maturin\/","title":{"rendered":"Igualdad en Matur\u00edn"},"content":{"rendered":"<p style=\"text-align: center;\"><img loading=\"lazy\" decoding=\"async\" class=\"alignnone size-full wp-image-29265\" src=\"http:\/\/gradadigital.com\/home\/wp-content\/uploads\/2016\/07\/emilio_renteria_monagas_lara_20072016.jpg\" alt=\"emilio_renteria_monagas_lara_20072016\" width=\"682\" height=\"455\" srcset=\"http:\/\/gradadigital.com\/home\/wp-content\/uploads\/2016\/07\/emilio_renteria_monagas_lara_20072016.jpg 682w, http:\/\/gradadigital.com\/home\/wp-content\/uploads\/2016\/07\/emilio_renteria_monagas_lara_20072016-300x200.jpg 300w\" sizes=\"auto, (max-width: 682px) 100vw, 682px\" \/><\/p>\n<p style=\"text-align: justify;\"><strong>Lcdo. Ram\u00f3n Medina &#8211;\u00a0<\/strong>El Deportivo Lara del profesor Jos\u00e9 Al\u00ed Ca\u00f1as empat\u00f3 a un tanto en condici\u00f3n de visitante ante el Monagas Sport Club en el Estadio Monumental de Matur\u00edn, por la cuarta jornada del Torneo Clausura 2016.<\/p>\n<p style=\"text-align: justify;\">La plantilla larense dej\u00f3 atr\u00e1s una mala racha de tres derrotas en este inicio del segundo campeonato semestral, donde logr\u00f3 sumar el primer punto ante un equipo monaguense que se encim\u00f3 en los \u00faltimos pasajes del partido.<\/p>\n<p style=\"text-align: justify;\">Los locales sufrieron primero, luego que a los 23\u00b4 Cesar \u201cPeluche\u201d Gonz\u00e1lez se llevara las manos a la cabeza despu\u00e9s de un disparo dentro del \u00e1rea que el portero \u00c1ngel Hern\u00e1ndez supo despejar al tiro de esquina.<\/p>\n<p style=\"text-align: justify;\">En la fracci\u00f3n 35\u00b4 los larenses estuvieron a punto de recibir el primer tanto azulgrana, despu\u00e9s que Chaurant salv\u00f3 sobre la l\u00ednea un cabezazo de Lucas Trejo, ahogando el grito de gol para los de Ferreira.<\/p>\n<p style=\"text-align: justify;\">Cuando el cronometro marcaba el minuto 39\u00b4, el juvenil Carlos Virguez marc\u00f3 el tanto rojinegro luego de un pase filtrado de \u201cPeluche\u201d Gonz\u00e1lez para poner a so\u00f1ar al estado Lara en tener la primera victoria. Era el final del primer tiempo.<\/p>\n<p style=\"text-align: justify;\">Para la segunda parte, los de Matur\u00edn salieron con todo, donde Lucas Trejo mand\u00f3 un fuerte disparo que logr\u00f3 despejar Octavio Zapata a los 51\u00b4. \u00a0A los 64\u00b4 el mismo Trejo se encarg\u00f3 de poner el empate para los orientales, luego de un tiro de esquina cobrado por \u201cCariaco\u201d Gonz\u00e1lez.<\/p>\n<p style=\"text-align: justify;\">Pocos minutos despu\u00e9s (68\u00b4) empezar\u00eda la embestida de los azulgranas, luego de un disparo de Edwar Bracho que supo sacar el \u201cGato\u201d Herrera. A los 70\u00b4 Armando Maita peg\u00f3 el bal\u00f3n en el poste rojinegro, se salvaba nuevamente el Depor.<\/p>\n<p style=\"text-align: justify;\">En los \u00faltimos 15 minutos de juego, los rojinegros trataban de nivelar el partido, de apoderarse del bal\u00f3n por breves momentos o esperar atr\u00e1s para salir a la contra ante un rival que buscaba la victoria s\u00ed o s\u00ed.<\/p>\n<p style=\"text-align: justify;\">Pero quienes tuvieron la oportunidad de tener la \u00faltima palabra en estos 90 minutos de juego en Matur\u00edn, fueron los crepusculares, luego que Ricardo Andreutti saboreara la victoria a los 90+1\u00b4 dentro del \u00e1rea, quien dispar\u00f3 un derechazo que el zaguero local lograr\u00eda sacar a tiempo cerr\u00e1ndole la opci\u00f3n a \u201cRicky\u201d.<\/p>\n<p style=\"text-align: justify;\">Final en Matur\u00edn, para que el Deportivo Lara sumara su primer punto del Clausura 2016 donde el pr\u00f3ximo domingo, espera revalorizar esa unidad con un triunfo en casa ante el Petare FC.<\/p>\n<p style=\"text-align: justify;\"><strong>FICHA T\u00c9CNICA:<\/strong><\/p>\n<p style=\"text-align: justify;\"><strong>Monagas SC (1):\u00a0<\/strong>\u00c1ngel Hern\u00e1ndez, Ismael Romero*, Daniel Mustaf\u00e1, Lucas Trejo, Edwar Bracho, Arnold L\u00f3pez (Jes\u00fas Quintero 46\u00b4), Carlos Alem\u00e1n, Lu\u00eds Gonz\u00e1lez, Emilio Renter\u00eda, Lu\u00eds Annese (Juan Mora 46\u00b4) y Armando Maita (C) (Armando Polo 84\u00b4)<strong>.<\/strong>\u00a0DT: Jhonny Ferreira.<\/p>\n<p style=\"text-align: justify;\"><strong>Suplentes sin jugar:\u00a0<\/strong>Pedro Caraballo, Alejandro Gonz\u00e1lez, Lu\u00eds Garc\u00eda y Daniel Garc\u00eda*.<\/p>\n<p style=\"text-align: justify;\"><strong>Deportivo Lara (1):\u00a0<\/strong>Eduardo Herrera, Lenimger Bol\u00edvar, Octavio Zapata, Leonardo Falc\u00f3n, Oswaldo Chaurant (C), Ricardo Andreutti, Antonioni Gonz\u00e1lez (Henri Pern\u00eda 83\u00b4), Yeferson Velasco (Mat\u00edas Manzano 55\u00b4), C\u00e9sar Gonz\u00e1lez, Jes\u00fas Hern\u00e1ndez y Carlos V\u00edrguez* (Jorge G\u00f3mez* 55\u00b4). DT: Al\u00ed Ca\u00f1as.<\/p>\n<p style=\"text-align: justify;\"><strong>Suplentes sin jugar:<\/strong>\u00a0Edgar P\u00e9rez, Daniel Carrillo, Lucas Baldin y Pierre Pluchino.<\/p>\n<p style=\"text-align: justify;\"><strong>Goles:<\/strong>\u00a0Lucas Trejo 64\u00b4 (MSC). Carlos V\u00edrguez 39\u00b4 (DL).<\/p>\n<p style=\"text-align: justify;\"><strong>Amonestados:\u00a0<\/strong>Lucas Trejo 73\u00b4 (MSC).\u00a0Antonioni Gonz\u00e1lez 54\u00b4 y Mat\u00edas Manzano 90+3\u00b4 (DL).<\/p>\n<p style=\"text-align: justify;\"><strong>Expulsados:\u00a0<\/strong>No hubo<\/p>\n<p style=\"text-align: justify;\"><strong>Terna: Principal:<\/strong><strong>\u00a0<\/strong>Francisco L\u00f3pez,\u00a0<strong>primer asistente:<\/strong>\u00a0Beltran Marcano,\u00a0<strong>segundo asistente:<\/strong> Leonardo Mata (Nueva Esparta) y\u00a0<strong>cuarto \u00e1rbitro:<\/strong>\u00a0Leobaldo Rond\u00f3n (Bol\u00edvar).<\/p>\n<p style=\"text-align: justify;\"><strong>Ciudad<\/strong>: Matur\u00edn, edo. Monagas<\/p>\n<p style=\"text-align: justify;\"><strong>Estadio<\/strong>: Monumental<\/p>\n","protected":false},"excerpt":{"rendered":"<p>Lcdo. Ram\u00f3n Medina &#8211;\u00a0El Deportivo Lara del profesor Jos\u00e9 Al\u00ed Ca\u00f1as empat\u00f3 a un tanto en condici\u00f3n de visitante ante el Monagas Sport Club en el Estadio Monumental de Matur\u00edn, por la cuarta jornada del Torneo Clausura 2016. La plantilla larense dej\u00f3 atr\u00e1s una mala racha de tres derrotas en este inicio del segundo campeonato &#8230;<\/p>\n","protected":false},"author":4,"featured_media":29265,"comment_status":"closed","ping_status":"closed","sticky":false,"template":"","format":"standard","meta":{"footnotes":""},"categories":[752,8,5,16,31],"tags":[],"class_list":["post-29264","post","type-post","status-publish","format-standard","has-post-thumbnail","hentry","category-appgd","category-cd-lara","category-futbol-nacional","category-monagas-sc","category-primera-division"],"_links":{"self":[{"href":"http:\/\/gradadigital.com\/home\/wp-json\/wp\/v2\/posts\/29264","targetHints":{"allow":["GET"]}}],"collection":[{"href":"http:\/\/gradadigital.com\/home\/wp-json\/wp\/v2\/posts"}],"about":[{"href":"http:\/\/gradadigital.com\/home\/wp-json\/wp\/v2\/types\/post"}],"author":[{"embeddable":true,"href":"http:\/\/gradadigital.com\/home\/wp-json\/wp\/v2\/users\/4"}],"replies":[{"embeddable":true,"href":"http:\/\/gradadigital.com\/home\/wp-json\/wp\/v2\/comments?post=29264"}],"version-history":[{"count":1,"href":"http:\/\/gradadigital.com\/home\/wp-json\/wp\/v2\/posts\/29264\/revisions"}],"predecessor-version":[{"id":29266,"href":"http:\/\/gradadigital.com\/home\/wp-json\/wp\/v2\/posts\/29264\/revisions\/29266"}],"wp:featuredmedia":[{"embeddable":true,"href":"http:\/\/gradadigital.com\/home\/wp-json\/wp\/v2\/media\/29265"}],"wp:attachment":[{"href":"http:\/\/gradadigital.com\/home\/wp-json\/wp\/v2\/media?parent=29264"}],"wp:term":[{"taxonomy":"category","embeddable":true,"href":"http:\/\/gradadigital.com\/home\/wp-json\/wp\/v2\/categories?post=29264"},{"taxonomy":"post_tag","embeddable":true,"href":"http:\/\/gradadigital.com\/home\/wp-json\/wp\/v2\/tags?post=29264"}],"curies":[{"name":"wp","href":"https:\/\/api.w.org\/{rel}","templated":true}]}}