{"id":29218,"date":"2016-07-20T11:55:41","date_gmt":"2016-07-20T16:25:41","guid":{"rendered":"http:\/\/gradadigital.com\/home\/?p=29218"},"modified":"2016-07-20T11:55:41","modified_gmt":"2016-07-20T16:25:41","slug":"el-deportivo-lara-buscara-sumar-sus-primeros-puntos-del-torneo-en-maturin","status":"publish","type":"post","link":"http:\/\/gradadigital.com\/home\/el-deportivo-lara-buscara-sumar-sus-primeros-puntos-del-torneo-en-maturin\/","title":{"rendered":"El Deportivo Lara buscar\u00e1 sumar sus primeros puntos del torneo, en Matur\u00edn"},"content":{"rendered":"<p style=\"text-align: center;\"><a href=\"http:\/\/gradadigital.com\/home\/wp-content\/uploads\/2016\/07\/ricardo_andreutti_cdlara_20072016.jpg\"><img loading=\"lazy\" decoding=\"async\" class=\"alignnone size-full wp-image-29219\" src=\"http:\/\/gradadigital.com\/home\/wp-content\/uploads\/2016\/07\/ricardo_andreutti_cdlara_20072016.jpg\" alt=\"ricardo_andreutti_cdlara_20072016\" width=\"682\" height=\"455\" srcset=\"http:\/\/gradadigital.com\/home\/wp-content\/uploads\/2016\/07\/ricardo_andreutti_cdlara_20072016.jpg 682w, http:\/\/gradadigital.com\/home\/wp-content\/uploads\/2016\/07\/ricardo_andreutti_cdlara_20072016-300x200.jpg 300w\" sizes=\"auto, (max-width: 682px) 100vw, 682px\" \/><\/a><\/p>\n<p style=\"text-align: justify;\"><strong>Prensa Deportivo Lara &#8211;\u00a0<\/strong><span style=\"line-height: 1.5;\">El Deportivo Lara ya est\u00e1 en tierras orientales, donde van a enfrentar ma\u00f1ana al Monagas Sport Club en el Estadio Monumental a las 4:00pm, en compromiso v\u00e1lido por la cuarta jornada del Torneo Clausura 2016.<\/span><\/p>\n<p style=\"text-align: justify;\">La plantilla larense viene de caer en casa con marcador de 1-2 ante el cuadro del Ure\u00f1a Sport Club, donde a\u00fan los comandados por el profesor Jos\u00e9 Al\u00ed Ca\u00f1as, no han conocido la victoria y esperan lograrlo ma\u00f1ana ante el equipo azulgrana.<\/p>\n<p style=\"text-align: justify;\">Para el timonel rojinegro, esta ser\u00e1 una oportunidad para lograr los primeros tres puntos donde el cuerpo t\u00e9cnico sigue creyendo en sus pupilos para poder revertir esta mala racha. <strong>\u201cSigo creyendo que es un elemento del f\u00fatbol, estamos pecando en ciertos detalles que nos est\u00e1n dando la equivocaci\u00f3n, creo que el equipo viene mostrando buen f\u00fatbol, lo ha demostrado en los tres partidos, un equipo que se ve suficiente en la cancha, genera mucha ocasiones a gol pero nos est\u00e1n matando los detalles y sobre eso estamos trabajando.<\/strong><strong>\u201d<\/strong><\/p>\n<p style=\"text-align: justify;\"><strong>\u201c<\/strong><strong>Convers\u00e9 con el grupo hoy, <\/strong><strong>tenemos que creer m\u00e1s que nunca<\/strong><strong> en el trabajo que estamos haciendo, en los jugadores que tenemos; el partido contra Ure\u00f1a vimos el an\u00e1lisis y los goles y las oportunidades que tuvimos es claro que el grupo present\u00f3 ganas, voluntad, ambici\u00f3n, deseo de ganar pero ciertos detalles que se cometieron son los que nos est\u00e1n pesando\u201d.<\/strong> Puntualiz\u00f3 precisamente el tambi\u00e9n ex DT del Monagas SC.<\/p>\n<p style=\"text-align: justify;\">Fueron varias las oportunidades en los \u00faltimos partidos, principalmente el \u00faltimo en casa, donde los larenses pudieron anotar. <strong>\u201cLo hemos trabajado, siempre la definici\u00f3n est\u00e1 dentro de la planificaci\u00f3n, todos los trabajos se hacen con un objetivo final que es la definici\u00f3n, bien sean a cuadrados o los reducidos, hay trabajos espec\u00edficos en lo t\u00e1ctico que terminan en definici\u00f3n, siempre est\u00e1n incluidos ese tipo de trabajos, pero son los momentos, cuando el equipo tiene deseo de ganar suele suceder eso pero el equipo ha querido agradar a la gente, a los nuevos due\u00f1os y eso nos est\u00e1 pasando factura, debemos tener m\u00e1s tranquilidad\u201d.<\/strong><\/p>\n<p style=\"text-align: justify;\">A pesar del triunfo rival, asegura que los \u00faltimos puntos perdidos fueron m\u00e1s por errores propios que virtudes del contrario. <strong>\u201cSi es por el n\u00famero de goles volvemos a lo mismo, recibimos un gol de saque de banda, uno porque perdimos la marca, otra porque la dejamos picar, que son errores que no se cometen a menudo y por eso digo que son detalles, no por qu\u00e9 el otro equipo nos haya generado futbol\u00edsticamente.\u201d<\/strong><\/p>\n<p style=\"text-align: justify;\">Abordado sobre la labor defensiva en lo que va del semestre y prepar\u00e1ndose para el partido de ma\u00f1ana, dijo. <strong>\u201c<\/strong><strong>V<\/strong><strong>emos el partido de Ure\u00f1a, en c\u00e1mara lenta, fraccionado, para ver como estuvo la defensa y nunca fuimos superados, defensivamente Eduardo Herrera no tuvo trabajo, nos hicieron dos goles, uno virtud del contrario, ese mismo que tuvimos nosotros con Velasco y peg\u00f3 en el palo, entonces el f\u00fatbol tiene esos elementos; si hablamos de los goles recibidos, es un trabajo que debemos realizar\u201d.<\/strong><\/p>\n<p style=\"text-align: justify;\"><strong>\u00a0<\/strong><strong>\u201cUn t\u00e9cnico se preocupa cuando ve que tu equipo no genera futbol y le generan muchas llegadas a gol, no por errores sino cuando generan pero a un equipo que pese a haber recibido cinco goles no le han generado casi ocasiones a gol, es incre\u00edble\u201d.<\/strong> Enfatiz\u00f3 el profe Ca\u00f1as sabiendo que en cualquier momento a pesar de las \u00faltimas fechas, el grupo deber\u00e1 ganar sus compromisos por tambi\u00e9n la solidez defensiva.<\/p>\n<p style=\"text-align: justify;\"><strong>\u201cHablando con ellos y tratando de que no est\u00e9n muy dispersos en los trabajos, m\u00e1s que todo cuando se est\u00e1 trabajando, conf<\/strong><strong>\u00edo ciento por ciento en mis jugadores y creemos en el trabajo que se est\u00e1 haciendo, vamos a<\/strong><strong> aprovechar lo poco que se tiene de corregir<\/strong><strong>, esos<\/strong><strong> detalles <\/strong><strong>y <\/strong><strong>aprovecharlos al m\u00e1ximo<\/strong>\u201d. Finaliz\u00f3 sobre c\u00f3mo resolver las desatenciones que pueda tener el grupo en los partidos.<\/p>\n<p style=\"text-align: justify;\"><strong>Informaci\u00f3n del partido<\/strong><\/p>\n<p style=\"text-align: justify;\"><strong>Jornada 4:<\/strong>\u00a0Monagas Sport Club \u2013 Deportivo Lara.<\/p>\n<p style=\"text-align: justify;\"><strong>Fecha:<\/strong>\u00a0Mi\u00e9rcoles 20\/07\/2016.<\/p>\n<p style=\"text-align: justify;\"><strong>Estadio:<\/strong>\u00a0Monumental<\/p>\n<p style=\"text-align: justify;\"><strong>Ciudad<\/strong>: Matur\u00edn.<\/p>\n<p style=\"text-align: justify;\"><strong>Hora:<\/strong>\u00a04:00 pm.<\/p>\n<p style=\"text-align: justify;\"><strong>Terna<\/strong><strong>:<\/strong>\u00a0<strong>Principal:<\/strong> Francisco L\u00f3pez, <strong>primer asistente<\/strong>: Beltran Marcano, <strong>segundo<\/strong> <strong>asistente<\/strong>: Leonardo Mata (Nueva Esparta) y <strong>cuarto<\/strong> <strong>\u00e1rbitro<\/strong>: Leobaldo Rond\u00f3n (Bol\u00edvar).<\/p>\n<p style=\"text-align: justify;\"><strong>Transmisi\u00f3n<\/strong>: Intro 90.5FM<\/p>\n<p style=\"text-align: justify;\">\n","protected":false},"excerpt":{"rendered":"<p>Prensa Deportivo Lara &#8211;\u00a0El Deportivo Lara ya est\u00e1 en tierras orientales, donde van a enfrentar ma\u00f1ana al Monagas Sport Club en el Estadio Monumental a las 4:00pm, en compromiso v\u00e1lido por la cuarta jornada del Torneo Clausura 2016. La plantilla larense viene de caer en casa con marcador de 1-2 ante el cuadro del Ure\u00f1a &#8230;<\/p>\n","protected":false},"author":8,"featured_media":29219,"comment_status":"closed","ping_status":"closed","sticky":false,"template":"","format":"standard","meta":{"footnotes":""},"categories":[752,8,5,16,31],"tags":[],"class_list":["post-29218","post","type-post","status-publish","format-standard","has-post-thumbnail","hentry","category-appgd","category-cd-lara","category-futbol-nacional","category-monagas-sc","category-primera-division"],"_links":{"self":[{"href":"http:\/\/gradadigital.com\/home\/wp-json\/wp\/v2\/posts\/29218","targetHints":{"allow":["GET"]}}],"collection":[{"href":"http:\/\/gradadigital.com\/home\/wp-json\/wp\/v2\/posts"}],"about":[{"href":"http:\/\/gradadigital.com\/home\/wp-json\/wp\/v2\/types\/post"}],"author":[{"embeddable":true,"href":"http:\/\/gradadigital.com\/home\/wp-json\/wp\/v2\/users\/8"}],"replies":[{"embeddable":true,"href":"http:\/\/gradadigital.com\/home\/wp-json\/wp\/v2\/comments?post=29218"}],"version-history":[{"count":1,"href":"http:\/\/gradadigital.com\/home\/wp-json\/wp\/v2\/posts\/29218\/revisions"}],"predecessor-version":[{"id":29220,"href":"http:\/\/gradadigital.com\/home\/wp-json\/wp\/v2\/posts\/29218\/revisions\/29220"}],"wp:featuredmedia":[{"embeddable":true,"href":"http:\/\/gradadigital.com\/home\/wp-json\/wp\/v2\/media\/29219"}],"wp:attachment":[{"href":"http:\/\/gradadigital.com\/home\/wp-json\/wp\/v2\/media?parent=29218"}],"wp:term":[{"taxonomy":"category","embeddable":true,"href":"http:\/\/gradadigital.com\/home\/wp-json\/wp\/v2\/categories?post=29218"},{"taxonomy":"post_tag","embeddable":true,"href":"http:\/\/gradadigital.com\/home\/wp-json\/wp\/v2\/tags?post=29218"}],"curies":[{"name":"wp","href":"https:\/\/api.w.org\/{rel}","templated":true}]}}