{"id":29176,"date":"2016-07-17T20:55:08","date_gmt":"2016-07-18T01:25:08","guid":{"rendered":"http:\/\/gradadigital.com\/home\/?p=29176"},"modified":"2016-07-17T21:03:36","modified_gmt":"2016-07-18T01:33:36","slug":"urena-mando-en-cabudare","status":"publish","type":"post","link":"http:\/\/gradadigital.com\/home\/urena-mando-en-cabudare\/","title":{"rendered":"Ure\u00f1a mand\u00f3 en Cabudare"},"content":{"rendered":"<p style=\"text-align: center;\"><img loading=\"lazy\" decoding=\"async\" class=\"alignnone size-full wp-image-29178\" src=\"http:\/\/gradadigital.com\/home\/wp-content\/uploads\/2016\/07\/cesar_gonzalez_peluche_lara_llaneros_17072016.jpg\" alt=\"cesar_gonzalez_peluche_lara_llaneros_17072016\" width=\"682\" height=\"455\" srcset=\"http:\/\/gradadigital.com\/home\/wp-content\/uploads\/2016\/07\/cesar_gonzalez_peluche_lara_llaneros_17072016.jpg 682w, http:\/\/gradadigital.com\/home\/wp-content\/uploads\/2016\/07\/cesar_gonzalez_peluche_lara_llaneros_17072016-300x200.jpg 300w\" sizes=\"auto, (max-width: 682px) 100vw, 682px\" \/><\/p>\n<p style=\"text-align: justify;\"><strong>Lcdo. Tomy Arguelles &#8211;\u00a0<\/strong>Deportivo Lara no pudo sumar en casa y cay\u00f3 1-2 ante el Ure\u00f1a SC en partido v\u00e1lido por la fecha 3 del Torneo Clausura 2016. Antonioni Gonz\u00e1lez adelant\u00f3 a los rojinegros a los 18\u00b4 minutos y Jos\u00e9 \u201cUpata\u201d D\u00edaz al 45+1\u00b4 y Javier Villafraz al 55\u00b4 anotaron por los azucareros.<\/p>\n<p style=\"text-align: center;\"><img loading=\"lazy\" decoding=\"async\" class=\"alignnone size-full wp-image-29177\" src=\"http:\/\/gradadigital.com\/home\/wp-content\/uploads\/2016\/07\/antonioni_gonzalez_lara_urena_17072016.jpg\" alt=\"antonioni_gonzalez_lara_urena_17072016\" width=\"682\" height=\"455\" srcset=\"http:\/\/gradadigital.com\/home\/wp-content\/uploads\/2016\/07\/antonioni_gonzalez_lara_urena_17072016.jpg 682w, http:\/\/gradadigital.com\/home\/wp-content\/uploads\/2016\/07\/antonioni_gonzalez_lara_urena_17072016-300x200.jpg 300w\" sizes=\"auto, (max-width: 682px) 100vw, 682px\" \/><\/p>\n<p style=\"text-align: justify;\">Los rojinegros se plantaron con el esquema t\u00e1ctico 4-4-2, esta vez en rombo, mientras que Ure\u00f1a jug\u00f3 con el mismo esquema pero con dos volantes externos. Los conducidos por Al\u00ed Ca\u00f1as pasar\u00edan por unos primeros 45\u00b4 minutos con gran volumen de ataque y pese a que en su mayor\u00eda las secuencias ofensivas fueron finalizadas, no pudieron concretar en buen porcentaje.<\/p>\n<p style=\"text-align: justify;\">En la fracci\u00f3n 18\u00b4, C\u00e9sar \u201cPeluche\u201d Gonz\u00e1lez cobr\u00f3 un tiro libre por el costado y Antonioni \u201cPap\u00edn\u201d Gonz\u00e1lez de cabeza puso el 1-0. Acto seguido a la diana la cantidad de llegadas al arco rival era alta y daba la sensaci\u00f3n de que Lara pod\u00eda sentenciar el encuentro r\u00e1pidamente, sin embargo, el segundo gol no llegaba y al 45+1\u00b4 Jos\u00e9 \u201cUpata\u201d D\u00edaz de cabeza tras un centro por el costado derecho dio el \u201cinesperado\u201d 1-1 para irse al descanso.<\/p>\n<p style=\"text-align: justify;\">Para el complemento, Lara intent\u00f3 irse arriba nuevamente en la pizarra con un disparo de Yeferson Velasco a los 55\u00b4 pero termin\u00f3 impactando en la cruceta, dicha jugada ocurri\u00f3 al 53\u00b4. No obstante, al 55\u00b4 Javier Villafraz envi\u00f3 un disparo desde el borde del \u00e1rea al \u00e1ngulo derecho de Eduardo Herrera quien se estir\u00f3 pero no pudo desviar la direcci\u00f3n de la pelota para el 1-2.<\/p>\n<p style=\"text-align: justify;\">Lara buscaba por los costados con Bol\u00edvar y Chaurant conseguir la concreci\u00f3n, aunque los cabezazos de los delanteros en varias ocasiones y las salidas puntuales del portero Flores imped\u00edan el gol del empate. C\u00e9sar Gonz\u00e1lez tuvo una clara ocasi\u00f3n al 83\u00b4 cuando ingres\u00f3 a todo el coraz\u00f3n del \u00e1rea pero dispar\u00f3 desviado. Flores tambi\u00e9n previamente le sac\u00f3 una definici\u00f3n en mano a mano a Jes\u00fas Hern\u00e1ndez dentro del \u00e1rea. Ure\u00f1a supo preservar el resultado y obtuvo los tres puntos a domicilio.<\/p>\n<p style=\"text-align: justify;\">El pr\u00f3ximo duelo para los crepusculares ser\u00e1 ante Monagas SC en Matur\u00edn este mi\u00e9rcoles 20 de julio a las 4:00 pm.<\/p>\n<p style=\"text-align: justify;\"><strong><u>Ficha T\u00e9cnica:<\/u><\/strong><\/p>\n<p style=\"text-align: justify;\"><strong>Deportivo Lara (1):<\/strong> Eduardo Herrera, Lenimger Bol\u00edvar, Octavio Zapata, Eli\u00e1n Guillen*, Oswaldo Chaurant \u00a9, Antonioni Gonz\u00e1lez (Lucas Baldin 67\u00b4), Yeferson Velasco (Starling Yendis 73\u00b4), Ricardo Andreutti, C\u00e9sar Gonz\u00e1lez, Jes\u00fas Hern\u00e1ndez (Pierre Pluchino 83\u00b4) y Mat\u00edas Manzano. DT: Al\u00ed Ca\u00f1as.<\/p>\n<p style=\"text-align: justify;\"><strong>Ure\u00f1a SC (2): <\/strong>Cristian Flores, Jhonny Gonz\u00e1lez, Jos\u00e9 Urbina (Leonel Velandia 46\u00b4), Harry Mena, Edwin S\u00e1nchez, Lenyn Uzc\u00e1tegui, Javier Villafraz (Danny Bayona 63\u00b4), Wilton Almeida, Breyner Robayo, Jos\u00e9 D\u00edaz (Elioscar Lizardo 78\u00b4) y V\u00edctor Renter\u00eda. DT: Ronaldy Contreras.<\/p>\n<p style=\"text-align: justify;\"><strong>Goles: <\/strong>Antonioni Gonz\u00e1lez 18\u00b4 (DL). Jos\u00e9 D\u00edaz 45+1\u00b4 y Javier Villafraz 55\u00b4 (USC).<\/p>\n<p style=\"text-align: justify;\"><strong>Amonestados: <\/strong>C\u00e9sar Gonz\u00e1lez 22\u00b4 (DL). Jhonny Gonz\u00e1lez 90+2\u00b4 y Cristian Flores 90+3\u00b4 (USC).<\/p>\n<p style=\"text-align: justify;\"><strong>Expulsados: <\/strong>No hubo.<\/p>\n<p style=\"text-align: justify;\"><strong>\u00c1rbitro:<\/strong> Edixon Espa\u00f1a (Zulia).<\/p>\n<p style=\"text-align: justify;\"><strong>Primer Asistente:<\/strong> Eduardo Colmenares (Zulia).<\/p>\n<p style=\"text-align: justify;\"><strong>Segundo Asistente:<\/strong> Jos\u00e9 Padilla (Zulia).<\/p>\n<p style=\"text-align: justify;\"><strong>Cuarto \u00c1rbitro:<\/strong> Lu\u00eds Pe\u00f1a (Portuguesa).<\/p>\n","protected":false},"excerpt":{"rendered":"<p>Lcdo. Tomy Arguelles &#8211;\u00a0Deportivo Lara no pudo sumar en casa y cay\u00f3 1-2 ante el Ure\u00f1a SC en partido v\u00e1lido por la fecha 3 del Torneo Clausura 2016. Antonioni Gonz\u00e1lez adelant\u00f3 a los rojinegros a los 18\u00b4 minutos y Jos\u00e9 \u201cUpata\u201d D\u00edaz al 45+1\u00b4 y Javier Villafraz al 55\u00b4 anotaron por los azucareros. Los rojinegros &#8230;<\/p>\n","protected":false},"author":4,"featured_media":29178,"comment_status":"closed","ping_status":"closed","sticky":false,"template":"","format":"standard","meta":{"footnotes":""},"categories":[752,8,5,31,1875],"tags":[],"class_list":["post-29176","post","type-post","status-publish","format-standard","has-post-thumbnail","hentry","category-appgd","category-cd-lara","category-futbol-nacional","category-primera-division","category-urena-sc"],"_links":{"self":[{"href":"http:\/\/gradadigital.com\/home\/wp-json\/wp\/v2\/posts\/29176","targetHints":{"allow":["GET"]}}],"collection":[{"href":"http:\/\/gradadigital.com\/home\/wp-json\/wp\/v2\/posts"}],"about":[{"href":"http:\/\/gradadigital.com\/home\/wp-json\/wp\/v2\/types\/post"}],"author":[{"embeddable":true,"href":"http:\/\/gradadigital.com\/home\/wp-json\/wp\/v2\/users\/4"}],"replies":[{"embeddable":true,"href":"http:\/\/gradadigital.com\/home\/wp-json\/wp\/v2\/comments?post=29176"}],"version-history":[{"count":2,"href":"http:\/\/gradadigital.com\/home\/wp-json\/wp\/v2\/posts\/29176\/revisions"}],"predecessor-version":[{"id":29186,"href":"http:\/\/gradadigital.com\/home\/wp-json\/wp\/v2\/posts\/29176\/revisions\/29186"}],"wp:featuredmedia":[{"embeddable":true,"href":"http:\/\/gradadigital.com\/home\/wp-json\/wp\/v2\/media\/29178"}],"wp:attachment":[{"href":"http:\/\/gradadigital.com\/home\/wp-json\/wp\/v2\/media?parent=29176"}],"wp:term":[{"taxonomy":"category","embeddable":true,"href":"http:\/\/gradadigital.com\/home\/wp-json\/wp\/v2\/categories?post=29176"},{"taxonomy":"post_tag","embeddable":true,"href":"http:\/\/gradadigital.com\/home\/wp-json\/wp\/v2\/tags?post=29176"}],"curies":[{"name":"wp","href":"https:\/\/api.w.org\/{rel}","templated":true}]}}