{"id":29087,"date":"2016-07-14T23:50:50","date_gmt":"2016-07-15T04:20:50","guid":{"rendered":"http:\/\/gradadigital.com\/home\/?p=29087"},"modified":"2016-07-16T08:06:45","modified_gmt":"2016-07-16T12:36:45","slug":"la-vinotinto-logra-gran-remontada-en-el-ranking-fifa","status":"publish","type":"post","link":"http:\/\/gradadigital.com\/home\/la-vinotinto-logra-gran-remontada-en-el-ranking-fifa\/","title":{"rendered":"La Vinotinto logra gran remontada en el Ranking FIFA"},"content":{"rendered":"<p style=\"text-align: center;\"><img loading=\"lazy\" decoding=\"async\" class=\"alignnone size-full wp-image-28445\" src=\"http:\/\/gradadigital.com\/home\/wp-content\/uploads\/2016\/06\/jose_manuel_velazquez_mexico_venezuela_13062016.jpg\" alt=\"jose_manuel_velazquez_mexico_venezuela_13062016\" width=\"682\" height=\"455\" srcset=\"http:\/\/gradadigital.com\/home\/wp-content\/uploads\/2016\/06\/jose_manuel_velazquez_mexico_venezuela_13062016.jpg 682w, http:\/\/gradadigital.com\/home\/wp-content\/uploads\/2016\/06\/jose_manuel_velazquez_mexico_venezuela_13062016-300x200.jpg 300w\" sizes=\"auto, (max-width: 682px) 100vw, 682px\" \/><\/p>\n<p style=\"text-align: justify;\"><strong>Prensa Vinotinto &#8211;\u00a0<\/strong>La actuaci\u00f3n de la selecci\u00f3n nacional en la pasada Copa Am\u00e9rica Centenario sirvi\u00f3 para que escalara 31 pelda\u00f1os, su mejor ascenso de la historia y ahora se ubica en el puesto 46 del nuevo ranking FIFA, publicado este jueves por el organismo rector del balompi\u00e9 mundial.<\/p>\n<p style=\"text-align: justify;\">La Vinotinto viene de firmar su mejor primera fase en la competencia de selecciones m\u00e1s antigua del mundo, al concluir invicta, con siete puntos y un solo gol en contra, luego de victorias frente a Jamaica y Uruguay por la m\u00ednima y un empate (1-1) contra M\u00e9xico.<\/p>\n<p style=\"text-align: justify;\">El combinado nacional no estaba entre las primeras 50 posiciones de este ranking desde septiembre de 2015 y el mejor lugar que ha ocupado en todo su historia es el n\u00famero 29 en julio de 2014.<\/p>\n<p style=\"text-align: justify;\">El mejor ascenso que hab\u00eda conseguido la selecci\u00f3n nacional desde que se cre\u00f3 el ranking fue de 30 puestos entre los a\u00f1os 2000 y 2001.<\/p>\n","protected":false},"excerpt":{"rendered":"<p>Prensa Vinotinto &#8211;\u00a0La actuaci\u00f3n de la selecci\u00f3n nacional en la pasada Copa Am\u00e9rica Centenario sirvi\u00f3 para que escalara 31 pelda\u00f1os, su mejor ascenso de la historia y ahora se ubica en el puesto 46 del nuevo ranking FIFA, publicado este jueves por el organismo rector del balompi\u00e9 mundial. La Vinotinto viene de firmar su mejor &#8230;<\/p>\n","protected":false},"author":4,"featured_media":28445,"comment_status":"closed","ping_status":"closed","sticky":false,"template":"","format":"standard","meta":{"footnotes":""},"categories":[752,40,3],"tags":[],"class_list":["post-29087","post","type-post","status-publish","format-standard","has-post-thumbnail","hentry","category-appgd","category-seleccion-nacional-mayores","category-seleccion-nacional"],"_links":{"self":[{"href":"http:\/\/gradadigital.com\/home\/wp-json\/wp\/v2\/posts\/29087","targetHints":{"allow":["GET"]}}],"collection":[{"href":"http:\/\/gradadigital.com\/home\/wp-json\/wp\/v2\/posts"}],"about":[{"href":"http:\/\/gradadigital.com\/home\/wp-json\/wp\/v2\/types\/post"}],"author":[{"embeddable":true,"href":"http:\/\/gradadigital.com\/home\/wp-json\/wp\/v2\/users\/4"}],"replies":[{"embeddable":true,"href":"http:\/\/gradadigital.com\/home\/wp-json\/wp\/v2\/comments?post=29087"}],"version-history":[{"count":1,"href":"http:\/\/gradadigital.com\/home\/wp-json\/wp\/v2\/posts\/29087\/revisions"}],"predecessor-version":[{"id":29088,"href":"http:\/\/gradadigital.com\/home\/wp-json\/wp\/v2\/posts\/29087\/revisions\/29088"}],"wp:featuredmedia":[{"embeddable":true,"href":"http:\/\/gradadigital.com\/home\/wp-json\/wp\/v2\/media\/28445"}],"wp:attachment":[{"href":"http:\/\/gradadigital.com\/home\/wp-json\/wp\/v2\/media?parent=29087"}],"wp:term":[{"taxonomy":"category","embeddable":true,"href":"http:\/\/gradadigital.com\/home\/wp-json\/wp\/v2\/categories?post=29087"},{"taxonomy":"post_tag","embeddable":true,"href":"http:\/\/gradadigital.com\/home\/wp-json\/wp\/v2\/tags?post=29087"}],"curies":[{"name":"wp","href":"https:\/\/api.w.org\/{rel}","templated":true}]}}