{"id":29018,"date":"2016-07-12T19:05:47","date_gmt":"2016-07-12T23:35:47","guid":{"rendered":"http:\/\/gradadigital.com\/home\/?p=29018"},"modified":"2016-07-12T19:05:47","modified_gmt":"2016-07-12T23:35:47","slug":"christian-santos-jugara-en-la-primera-division-espanola","status":"publish","type":"post","link":"http:\/\/gradadigital.com\/home\/christian-santos-jugara-en-la-primera-division-espanola\/","title":{"rendered":"Christian Santos jugar\u00e1 en la Primera Divisi\u00f3n espa\u00f1ola"},"content":{"rendered":"<p style=\"text-align: center;\"><img loading=\"lazy\" decoding=\"async\" class=\"alignnone size-full wp-image-29019\" src=\"http:\/\/gradadigital.com\/home\/wp-content\/uploads\/2016\/07\/christian_santos_alaves_120721016.jpg\" alt=\"christian_santos_alaves_120721016\" width=\"682\" height=\"455\" srcset=\"http:\/\/gradadigital.com\/home\/wp-content\/uploads\/2016\/07\/christian_santos_alaves_120721016.jpg 682w, http:\/\/gradadigital.com\/home\/wp-content\/uploads\/2016\/07\/christian_santos_alaves_120721016-300x200.jpg 300w\" sizes=\"auto, (max-width: 682px) 100vw, 682px\" \/><\/p>\n<p style=\"text-align: justify;\"><strong>EFE &#8211;<\/strong> El Deportivo Alav\u00e9s ha anunciado que el delantero Christian Santos es su segundo fichaje para la temporada 2016-17 y se compromete con el club albiazul para las tres pr\u00f3ximas temporadas.<\/p>\n<p style=\"text-align: justify;\">Seg\u00fan el club alavesista Santos era \u00abuno de los futbolistas m\u00e1s cotizados en el mercado\u00bb debido a sus 18 goles de la pasada campa\u00f1a en el NEC Nimega holand\u00e9s y su nominaci\u00f3n al premio de mejor jugador del a\u00f1o.<\/p>\n<p style=\"text-align: justify;\">Santos tiene 28 a\u00f1os y es natural de Puerto Ordaz (Venezuela)y precisamente, termin\u00f3 el pasado mes de junio su participaci\u00f3n con la Selecci\u00f3n de Venezuela en la Copa Am\u00e9rica, con la que cay\u00f3 en cuartos de final ante la Argentina de Leo Messi.<\/p>\n<p style=\"text-align: justify;\">El nuevo punta albiazul es zurdo, aunque es capaz de rematar con ambas piernas, adem\u00e1s de tener capacidad para golear de cabeza lo que ha le ha permitido anotar 53 tantos en los dos \u00faltimas temporadas en el NEC Nijmegen.<\/p>\n<p style=\"text-align: justify;\">Christian cuenta con doble nacionalidad, venezolana y alemana, ya que a los seis a\u00f1os de edad se traslad\u00f3 a Alemania con su familia y all\u00ed es donde se form\u00f3 como jugador en el SV Lippstadt 08.<\/p>\n<p style=\"text-align: justify;\">Despu\u00e9s se enrol\u00f3 en las filas del Arminia Bielefeld, donde lleg\u00f3 a debutar en la Bundesliga 2 y, posteriormente, su carrera continu\u00f3 en B\u00e9lgica, primero en el KAS Eupen y luego en el Waasland-Beveren.<\/p>\n<p style=\"text-align: justify;\">Tras su paso por la liga belga, Christian fich\u00f3 por el NEC Nijmegen, donde termin\u00f3 por consolidarse como un goleador de garant\u00edas con 23 goles en la primera campa\u00f1a que sirvieron para lograr el ascenso a la primera divisi\u00f3n holandesa.<\/p>\n<p style=\"text-align: justify;\">La temporada pasada anot\u00f3 18 tantos y se convirti\u00f3 en uno de los futbolistas m\u00e1s destacados, adem\u00e1s de entrar en la historia del Nijmegen como m\u00e1ximo goleador en la historia del club.<\/p>\n<p style=\"text-align: justify;\">Christian Santos llega a Vitoria para ser una de las referencias ofensivas del equipo y ma\u00f1ana ser\u00e1 presentado como nuevo jugador albiazul.<\/p>\n<p><a href=\"https:\/\/twitter.com\/Alaves\/status\/752953793638199297\">https:\/\/twitter.com\/Alaves\/status\/752953793638199297<\/a><\/p>\n<blockquote class=\"twitter-tweet\" data-width=\"550\" data-dnt=\"true\">\n<p lang=\"es\" dir=\"ltr\">Feliz por mi nueva casa <a href=\"https:\/\/twitter.com\/Alaves?ref_src=twsrc%5Etfw\">@Alaves<\/a> y por cumplir uno de mis grandes sue\u00f1os que es jugar en la liga espa\u00f1ola \u00a1Vamosss! <a href=\"https:\/\/t.co\/VZ59jEM3TH\">pic.twitter.com\/VZ59jEM3TH<\/a><\/p>\n<p>&mdash; CHRISTIAN SANTOS (@christivnsvntos) <a href=\"https:\/\/twitter.com\/christivnsvntos\/status\/752962015556202496?ref_src=twsrc%5Etfw\">July 12, 2016<\/a><\/p><\/blockquote>\n<p><script async src=\"https:\/\/platform.twitter.com\/widgets.js\" charset=\"utf-8\"><\/script><\/p>\n","protected":false},"excerpt":{"rendered":"<p>EFE &#8211; El Deportivo Alav\u00e9s ha anunciado que el delantero Christian Santos es su segundo fichaje para la temporada 2016-17 y se compromete con el club albiazul para las tres pr\u00f3ximas temporadas. Seg\u00fan el club alavesista Santos era \u00abuno de los futbolistas m\u00e1s cotizados en el mercado\u00bb debido a sus 18 goles de la pasada &#8230;<\/p>\n","protected":false},"author":8,"featured_media":29019,"comment_status":"closed","ping_status":"closed","sticky":false,"template":"","format":"standard","meta":{"footnotes":""},"categories":[752,4],"tags":[],"class_list":["post-29018","post","type-post","status-publish","format-standard","has-post-thumbnail","hentry","category-appgd","category-legionarios"],"_links":{"self":[{"href":"http:\/\/gradadigital.com\/home\/wp-json\/wp\/v2\/posts\/29018","targetHints":{"allow":["GET"]}}],"collection":[{"href":"http:\/\/gradadigital.com\/home\/wp-json\/wp\/v2\/posts"}],"about":[{"href":"http:\/\/gradadigital.com\/home\/wp-json\/wp\/v2\/types\/post"}],"author":[{"embeddable":true,"href":"http:\/\/gradadigital.com\/home\/wp-json\/wp\/v2\/users\/8"}],"replies":[{"embeddable":true,"href":"http:\/\/gradadigital.com\/home\/wp-json\/wp\/v2\/comments?post=29018"}],"version-history":[{"count":2,"href":"http:\/\/gradadigital.com\/home\/wp-json\/wp\/v2\/posts\/29018\/revisions"}],"predecessor-version":[{"id":29021,"href":"http:\/\/gradadigital.com\/home\/wp-json\/wp\/v2\/posts\/29018\/revisions\/29021"}],"wp:featuredmedia":[{"embeddable":true,"href":"http:\/\/gradadigital.com\/home\/wp-json\/wp\/v2\/media\/29019"}],"wp:attachment":[{"href":"http:\/\/gradadigital.com\/home\/wp-json\/wp\/v2\/media?parent=29018"}],"wp:term":[{"taxonomy":"category","embeddable":true,"href":"http:\/\/gradadigital.com\/home\/wp-json\/wp\/v2\/categories?post=29018"},{"taxonomy":"post_tag","embeddable":true,"href":"http:\/\/gradadigital.com\/home\/wp-json\/wp\/v2\/tags?post=29018"}],"curies":[{"name":"wp","href":"https:\/\/api.w.org\/{rel}","templated":true}]}}