{"id":28951,"date":"2016-07-10T18:57:04","date_gmt":"2016-07-10T23:27:04","guid":{"rendered":"http:\/\/gradadigital.com\/home\/?p=28951"},"modified":"2016-07-10T18:57:04","modified_gmt":"2016-07-10T23:27:04","slug":"renato-sanches-designado-por-la-uefa-mejor-joven-de-la-eurocopa","status":"publish","type":"post","link":"http:\/\/gradadigital.com\/home\/renato-sanches-designado-por-la-uefa-mejor-joven-de-la-eurocopa\/","title":{"rendered":"Renato Sanches, designado por la UEFA mejor joven de la Eurocopa"},"content":{"rendered":"<p style=\"text-align: center;\"><img loading=\"lazy\" decoding=\"async\" class=\"alignnone size-full wp-image-28952\" src=\"http:\/\/gradadigital.com\/home\/wp-content\/uploads\/2016\/07\/renato_sanches_francia_portugal_eurocopa_10072016.jpg\" alt=\"renato_sanches_francia_portugal_eurocopa_10072016\" width=\"682\" height=\"455\" srcset=\"http:\/\/gradadigital.com\/home\/wp-content\/uploads\/2016\/07\/renato_sanches_francia_portugal_eurocopa_10072016.jpg 682w, http:\/\/gradadigital.com\/home\/wp-content\/uploads\/2016\/07\/renato_sanches_francia_portugal_eurocopa_10072016-300x200.jpg 300w\" sizes=\"auto, (max-width: 682px) 100vw, 682px\" \/><\/p>\n<p style=\"text-align: justify;\"><strong>EFE &#8211;<\/strong> Renato Sanches, futbolista de Portugal, fue designado por la UEFA como mejor jugador joven de la Eurocopa que gan\u00f3 este domingo el cuadro luso tras ganar en la final 1-0 al equipo de Didier Deschamps.<\/p>\n<p style=\"text-align: justify;\">Con 18 a\u00f1os, Sanches consigui\u00f3 alzarse con un trofeo despu\u00e9s de conseguir otro r\u00e9cord el d\u00eda de la final: super\u00f3 a Cristiano Ronaldo y se convirti\u00f3 en el jugador m\u00e1s joven de la historia en disputar una final de la Eurocopa.<\/p>\n","protected":false},"excerpt":{"rendered":"<p>EFE &#8211; Renato Sanches, futbolista de Portugal, fue designado por la UEFA como mejor jugador joven de la Eurocopa que gan\u00f3 este domingo el cuadro luso tras ganar en la final 1-0 al equipo de Didier Deschamps. Con 18 a\u00f1os, Sanches consigui\u00f3 alzarse con un trofeo despu\u00e9s de conseguir otro r\u00e9cord el d\u00eda de la &#8230;<\/p>\n","protected":false},"author":3,"featured_media":28952,"comment_status":"closed","ping_status":"closed","sticky":false,"template":"","format":"standard","meta":{"footnotes":""},"categories":[752,36],"tags":[],"class_list":["post-28951","post","type-post","status-publish","format-standard","has-post-thumbnail","hentry","category-appgd","category-internacional"],"_links":{"self":[{"href":"http:\/\/gradadigital.com\/home\/wp-json\/wp\/v2\/posts\/28951","targetHints":{"allow":["GET"]}}],"collection":[{"href":"http:\/\/gradadigital.com\/home\/wp-json\/wp\/v2\/posts"}],"about":[{"href":"http:\/\/gradadigital.com\/home\/wp-json\/wp\/v2\/types\/post"}],"author":[{"embeddable":true,"href":"http:\/\/gradadigital.com\/home\/wp-json\/wp\/v2\/users\/3"}],"replies":[{"embeddable":true,"href":"http:\/\/gradadigital.com\/home\/wp-json\/wp\/v2\/comments?post=28951"}],"version-history":[{"count":1,"href":"http:\/\/gradadigital.com\/home\/wp-json\/wp\/v2\/posts\/28951\/revisions"}],"predecessor-version":[{"id":28953,"href":"http:\/\/gradadigital.com\/home\/wp-json\/wp\/v2\/posts\/28951\/revisions\/28953"}],"wp:featuredmedia":[{"embeddable":true,"href":"http:\/\/gradadigital.com\/home\/wp-json\/wp\/v2\/media\/28952"}],"wp:attachment":[{"href":"http:\/\/gradadigital.com\/home\/wp-json\/wp\/v2\/media?parent=28951"}],"wp:term":[{"taxonomy":"category","embeddable":true,"href":"http:\/\/gradadigital.com\/home\/wp-json\/wp\/v2\/categories?post=28951"},{"taxonomy":"post_tag","embeddable":true,"href":"http:\/\/gradadigital.com\/home\/wp-json\/wp\/v2\/tags?post=28951"}],"curies":[{"name":"wp","href":"https:\/\/api.w.org\/{rel}","templated":true}]}}