{"id":28948,"date":"2016-07-10T18:50:44","date_gmt":"2016-07-10T23:20:44","guid":{"rendered":"http:\/\/gradadigital.com\/home\/?p=28948"},"modified":"2016-07-10T18:50:44","modified_gmt":"2016-07-10T23:20:44","slug":"deschamps-no-hay-palabras-para-expresar-nuestra-decepcion","status":"publish","type":"post","link":"http:\/\/gradadigital.com\/home\/deschamps-no-hay-palabras-para-expresar-nuestra-decepcion\/","title":{"rendered":"Deschamps: \u00abNo hay palabras para expresar nuestra decepci\u00f3n\u00bb"},"content":{"rendered":"<p style=\"text-align: center;\"><img loading=\"lazy\" decoding=\"async\" class=\"alignnone size-full wp-image-28949\" src=\"http:\/\/gradadigital.com\/home\/wp-content\/uploads\/2016\/07\/didier_deschamps_portugal_francia_10072016.jpg\" alt=\"didier_deschamps_portugal_francia_10072016\" width=\"682\" height=\"455\" srcset=\"http:\/\/gradadigital.com\/home\/wp-content\/uploads\/2016\/07\/didier_deschamps_portugal_francia_10072016.jpg 682w, http:\/\/gradadigital.com\/home\/wp-content\/uploads\/2016\/07\/didier_deschamps_portugal_francia_10072016-300x200.jpg 300w\" sizes=\"auto, (max-width: 682px) 100vw, 682px\" \/><\/p>\n<p style=\"text-align: justify;\"><strong>Agencia &#8211;<\/strong> Didier Deschamps, seleccionador nacional de Francia, asegur\u00f3 este domingo que su equipo \u201cperdi\u00f3 una gran oportunidad\u201d de ganar la Eurocopa tras perder 1-0 ante Portugal en la final y reconoci\u00f3 que costar\u00e1 digerir la derrota.<\/p>\n<p style=\"text-align: justify;\">El t\u00e9cnico franc\u00e9s ofreci\u00f3 sus primeras declaraciones a M6 y mostr\u00f3 su tristeza por no haber podido ganar un trofeo que su selecci\u00f3n no consigue desde el a\u00f1o 2000.<\/p>\n<p style=\"text-align: justify;\">\u201cSe perdi\u00f3 una gran oportunidad, no hay palabras para expresar nuestra decepci\u00f3n. Se necesitar\u00e1 tiempo para digerir haber perdido la oportunidad de ganar\u201d, dijo.<\/p>\n<p style=\"text-align: justify;\">\u201cNo hay que olvidar el esp\u00edritu que reina en el equipo. Con nuestro p\u00fablico hemos ganado y hemos sufrido juntos. Hoy hemos perdido juntos. Nuestros aficionados han vibrado pero no hemos podido ofrecerles el trofeo. Es triste, pero es as\u00ed\u201d, coment\u00f3.<\/p>\n","protected":false},"excerpt":{"rendered":"<p>Agencia &#8211; Didier Deschamps, seleccionador nacional de Francia, asegur\u00f3 este domingo que su equipo \u201cperdi\u00f3 una gran oportunidad\u201d de ganar la Eurocopa tras perder 1-0 ante Portugal en la final y reconoci\u00f3 que costar\u00e1 digerir la derrota. El t\u00e9cnico franc\u00e9s ofreci\u00f3 sus primeras declaraciones a M6 y mostr\u00f3 su tristeza por no haber podido ganar &#8230;<\/p>\n","protected":false},"author":4,"featured_media":28949,"comment_status":"closed","ping_status":"closed","sticky":false,"template":"","format":"standard","meta":{"footnotes":""},"categories":[752,36,3],"tags":[],"class_list":["post-28948","post","type-post","status-publish","format-standard","has-post-thumbnail","hentry","category-appgd","category-internacional","category-seleccion-nacional"],"_links":{"self":[{"href":"http:\/\/gradadigital.com\/home\/wp-json\/wp\/v2\/posts\/28948","targetHints":{"allow":["GET"]}}],"collection":[{"href":"http:\/\/gradadigital.com\/home\/wp-json\/wp\/v2\/posts"}],"about":[{"href":"http:\/\/gradadigital.com\/home\/wp-json\/wp\/v2\/types\/post"}],"author":[{"embeddable":true,"href":"http:\/\/gradadigital.com\/home\/wp-json\/wp\/v2\/users\/4"}],"replies":[{"embeddable":true,"href":"http:\/\/gradadigital.com\/home\/wp-json\/wp\/v2\/comments?post=28948"}],"version-history":[{"count":1,"href":"http:\/\/gradadigital.com\/home\/wp-json\/wp\/v2\/posts\/28948\/revisions"}],"predecessor-version":[{"id":28950,"href":"http:\/\/gradadigital.com\/home\/wp-json\/wp\/v2\/posts\/28948\/revisions\/28950"}],"wp:featuredmedia":[{"embeddable":true,"href":"http:\/\/gradadigital.com\/home\/wp-json\/wp\/v2\/media\/28949"}],"wp:attachment":[{"href":"http:\/\/gradadigital.com\/home\/wp-json\/wp\/v2\/media?parent=28948"}],"wp:term":[{"taxonomy":"category","embeddable":true,"href":"http:\/\/gradadigital.com\/home\/wp-json\/wp\/v2\/categories?post=28948"},{"taxonomy":"post_tag","embeddable":true,"href":"http:\/\/gradadigital.com\/home\/wp-json\/wp\/v2\/tags?post=28948"}],"curies":[{"name":"wp","href":"https:\/\/api.w.org\/{rel}","templated":true}]}}