{"id":28908,"date":"2016-07-10T11:53:10","date_gmt":"2016-07-10T16:23:10","guid":{"rendered":"http:\/\/gradadigital.com\/home\/?p=28908"},"modified":"2016-07-10T12:05:05","modified_gmt":"2016-07-10T16:35:05","slug":"aficion-cree-que-la-vinotinto-puede-sacar-provecho-de-la-crisis-del-futbol-argentino-en-la-eliminatoria","status":"publish","type":"post","link":"http:\/\/gradadigital.com\/home\/aficion-cree-que-la-vinotinto-puede-sacar-provecho-de-la-crisis-del-futbol-argentino-en-la-eliminatoria\/","title":{"rendered":"Afici\u00f3n cree que La Vinotinto puede sacar provecho de la crisis del f\u00fatbol argentino en la Eliminatoria"},"content":{"rendered":"<p style=\"text-align: center;\"><img loading=\"lazy\" decoding=\"async\" class=\"alignnone size-full wp-image-28193\" src=\"http:\/\/gradadigital.com\/home\/wp-content\/uploads\/2016\/06\/aficion_venezuela_jamaica_05062016_1.jpg\" alt=\"aficion_venezuela_jamaica_05062016_1\" width=\"682\" height=\"455\" srcset=\"http:\/\/gradadigital.com\/home\/wp-content\/uploads\/2016\/06\/aficion_venezuela_jamaica_05062016_1.jpg 682w, http:\/\/gradadigital.com\/home\/wp-content\/uploads\/2016\/06\/aficion_venezuela_jamaica_05062016_1-300x200.jpg 300w\" sizes=\"auto, (max-width: 682px) 100vw, 682px\" \/><\/p>\n<p style=\"text-align: justify;\"><strong>GradaDigital.com &#8211;<\/strong> El f\u00fatbol argentino no atraviesa\u00a0su mejor momento, al menos en lo institucional. La Asociaci\u00f3n del F\u00fatbol Argentino (AFA) est\u00e1 bajo los ojos de la FIFA tras observar como ocurren irregularidades en la federaci\u00f3n que tiene en sus vitrinas dos t\u00edtulos mundiales mientras se encuentra latente la posibilidad de una desafiliaci\u00f3n.<\/p>\n<p style=\"text-align: justify;\">\u00bfQu\u00e9 ocurre?. Desde el fallecimiento del Sr. Julio Grondona quien se encargara de la AFA durante 35 a\u00f1os, el orden no ha reinado en la instituci\u00f3n. Elecciones que defin\u00edan al nuevo Presidente y que no se pudieron resolver por un voto dem\u00e1s entre los votantes, y que posteriormente estar\u00eda en manos de Luis Segura como interino pese a que el favorito era el conductor de televisi\u00f3n, Marcelo Tinelli, y que hasta la fecha no se haya podido elegir un nuevo Presidente, hacen que dicha crisis se una a la renuncia de jugadores emblemas como Lionel Messi, Javier Mascherano, Gonzalo Higua\u00edn, \u00abKun\u00bb Ag\u00fcero, entre otros, del seleccionado argentino, m\u00e1s la reciente salida del estratega Gerardo Martino tras no alcanzar el t\u00edtulo de la Copa Am\u00e9rica Centenario.<\/p>\n<p style=\"text-align: justify;\">La \u00abAlbiceleste\u00bb sin un claro plan de cara a los Juegos Ol\u00edmpicos de R\u00edo 2016 (sin plantel concreto), y la llegada del \u00abVasco\u00bb Olarticochea como el \u00fanico que acept\u00f3 el cargo tras una experiencia en juveniles, hizo que nos interrog\u00e1ramos: <strong>\u00bfPodra la Selecci\u00f3n de Venezuela sacar ventaja de la\u00a0crisis que atraviesa la AFA de cara al encuentro por las Eliminatorias el pr\u00f3ximo 06 de septiembre en M\u00e9rida?<\/strong>. La afici\u00f3n en un <strong>64% cree que La Vinotinto s\u00ed puede aprovechar \u00e9sta situaci\u00f3n<\/strong>, mientras que el otro 36% cree que no influir\u00e1 en el juego.<\/p>\n<blockquote class=\"twitter-tweet\" data-lang=\"es\">\n<p dir=\"ltr\" lang=\"es\">ENCUESTA \u00bfLa <a href=\"https:\/\/twitter.com\/hashtag\/Vinotinto?src=hash\">#Vinotinto<\/a> puede sacar ventaja de la crisis del f\u00fatbol argentino (AFA) de cara a la Eliminatoria?<\/p>\n<p>\u2014 Grada Digital (@GradaDigital) <a href=\"https:\/\/twitter.com\/GradaDigital\/status\/751193942448824322\">7 de julio de 2016<\/a><\/p><\/blockquote>\n<p><script src=\"\/\/platform.twitter.com\/widgets.js\" async=\"\" charset=\"utf-8\"><\/script><\/p>\n","protected":false},"excerpt":{"rendered":"<p>GradaDigital.com &#8211; El f\u00fatbol argentino no atraviesa\u00a0su mejor momento, al menos en lo institucional. La Asociaci\u00f3n del F\u00fatbol Argentino (AFA) est\u00e1 bajo los ojos de la FIFA tras observar como ocurren irregularidades en la federaci\u00f3n que tiene en sus vitrinas dos t\u00edtulos mundiales mientras se encuentra latente la posibilidad de una desafiliaci\u00f3n. \u00bfQu\u00e9 ocurre?. Desde &#8230;<\/p>\n","protected":false},"author":4,"featured_media":28193,"comment_status":"closed","ping_status":"closed","sticky":false,"template":"","format":"standard","meta":{"footnotes":""},"categories":[1878,40,3],"tags":[],"class_list":["post-28908","post","type-post","status-publish","format-standard","has-post-thumbnail","hentry","category-rusia-2018","category-seleccion-nacional-mayores","category-seleccion-nacional"],"_links":{"self":[{"href":"http:\/\/gradadigital.com\/home\/wp-json\/wp\/v2\/posts\/28908","targetHints":{"allow":["GET"]}}],"collection":[{"href":"http:\/\/gradadigital.com\/home\/wp-json\/wp\/v2\/posts"}],"about":[{"href":"http:\/\/gradadigital.com\/home\/wp-json\/wp\/v2\/types\/post"}],"author":[{"embeddable":true,"href":"http:\/\/gradadigital.com\/home\/wp-json\/wp\/v2\/users\/4"}],"replies":[{"embeddable":true,"href":"http:\/\/gradadigital.com\/home\/wp-json\/wp\/v2\/comments?post=28908"}],"version-history":[{"count":4,"href":"http:\/\/gradadigital.com\/home\/wp-json\/wp\/v2\/posts\/28908\/revisions"}],"predecessor-version":[{"id":28912,"href":"http:\/\/gradadigital.com\/home\/wp-json\/wp\/v2\/posts\/28908\/revisions\/28912"}],"wp:featuredmedia":[{"embeddable":true,"href":"http:\/\/gradadigital.com\/home\/wp-json\/wp\/v2\/media\/28193"}],"wp:attachment":[{"href":"http:\/\/gradadigital.com\/home\/wp-json\/wp\/v2\/media?parent=28908"}],"wp:term":[{"taxonomy":"category","embeddable":true,"href":"http:\/\/gradadigital.com\/home\/wp-json\/wp\/v2\/categories?post=28908"},{"taxonomy":"post_tag","embeddable":true,"href":"http:\/\/gradadigital.com\/home\/wp-json\/wp\/v2\/tags?post=28908"}],"curies":[{"name":"wp","href":"https:\/\/api.w.org\/{rel}","templated":true}]}}