{"id":28839,"date":"2016-07-07T15:07:41","date_gmt":"2016-07-07T19:37:41","guid":{"rendered":"http:\/\/gradadigital.com\/home\/?p=28839"},"modified":"2016-07-07T15:07:41","modified_gmt":"2016-07-07T19:37:41","slug":"olarticoechea-asume-la-direccion-tecnica-de-argentina-tenemos-que-empezar-a-ordenar","status":"publish","type":"post","link":"http:\/\/gradadigital.com\/home\/olarticoechea-asume-la-direccion-tecnica-de-argentina-tenemos-que-empezar-a-ordenar\/","title":{"rendered":"Olarticoechea asume la direcci\u00f3n t\u00e9cnica de Argentina: \u00abTenemos que empezar a ordenar\u00bb"},"content":{"rendered":"<p style=\"text-align: center;\"><img loading=\"lazy\" decoding=\"async\" class=\"alignnone size-full wp-image-28843\" src=\"http:\/\/gradadigital.com\/home\/wp-content\/uploads\/2016\/07\/julio_olarticoechea_argentina_07072016.jpg\" alt=\"julio_olarticoechea_argentina_07072016\" width=\"682\" height=\"455\" srcset=\"http:\/\/gradadigital.com\/home\/wp-content\/uploads\/2016\/07\/julio_olarticoechea_argentina_07072016.jpg 682w, http:\/\/gradadigital.com\/home\/wp-content\/uploads\/2016\/07\/julio_olarticoechea_argentina_07072016-300x200.jpg 300w\" sizes=\"auto, (max-width: 682px) 100vw, 682px\" \/><\/p>\n<p style=\"text-align: justify;\"><strong>Buenos Aires.-\u00a0<\/strong>Julio Olarticoechea, designado DT de la selecci\u00f3n argentina de f\u00fatbol para los Juegos Ol\u00edmpicos de R\u00edo-2016, admiti\u00f3 el jueves resistencias de los clubes para ceder jugadores, en medio de la crisis de la AFA que precipit\u00f3 el portazo de Gerardo Martino, rese\u00f1\u00f3 AFP.<\/p>\n<p style=\"text-align: justify;\">\u00abSi tengo que ir con 13 jugadores vamos a ponerle el pecho y haremos un buen papel\u00bb, dijo en conferencia de prensa en la que fue presentado como entrenador. \u00abTenemos plan B y C\u00bb, afirm\u00f3 a menos de un mes del comienzo de los Juegos.<\/p>\n<p style=\"text-align: justify;\">El plan \u00abA\u00bb ya sufri\u00f3 modificaciones. La lista con los 18 convocados a R\u00edo presentada el mi\u00e9rcoles tuvo este jueves la primera baja.<\/p>\n<p style=\"text-align: justify;\">El Atl\u00e9tico de Madrid no ceder\u00e1 a Luciano Vietto, admiti\u00f3 el vicepresidente de la AFA, Claudio Tapia, en la rueda de prensa realizada en Ezeiza, 30 km al sur de Buenos Aries, donde fue presentado el entrenador.<\/p>\n<p style=\"text-align: justify;\">Tapia admiti\u00f3 que se design\u00f3 a Olarticoechea porque \u00abtiene contrato vigente\u00bb con la AFA donde estaba a cargo de la selecci\u00f3n de f\u00fatbol femenino.<\/p>\n<p style=\"text-align: justify;\">El &#8216;Vasco&#8217; Olarticoechea (57 a\u00f1os) campe\u00f3n del Mundo en M\u00e9xico-86, se dijo afortunado por \u00abestar en el momento adecuado y el minuto justo\u00bb para conducir la selecci\u00f3n argentina.<\/p>\n<p style=\"text-align: justify;\">La AFA sigue en apresurada b\u00fasqueda de un conductor de cara al Mundial de Rusia-2018, entre los que suena Jorge Sampaoli, bajo contrato con el Sevilla.<\/p>\n<p style=\"text-align: justify;\">Argentina recibir\u00e1 a Uruguay el 1 de septiembre en el siguiente compromiso por la eliminatoria sudamericana.<\/p>\n<p style=\"text-align: justify;\"><strong>De apuro<\/strong><\/p>\n<p style=\"text-align: justify;\">La designaci\u00f3n de apuro ocurre en medio de la cat\u00e1strofe de la AFA que se retuerce en luchas internas entre sus dirigentes por la superliga al estilo europeo que quieren imponer los clubes grandes y cuenta con el apoyo del presidente argentino, Mauricio Macri.<\/p>\n<p style=\"text-align: justify;\">El enfrentamiento tiene trasfondo pol\u00edtico e incluye al sucesor de Luis Segura, que sigue como presidente de la AFA por pedido de la justicia hasta tanto se pueda llamar a elecciones tras dos convocatorias frustradas.<\/p>\n<p style=\"text-align: justify;\">La justicia investiga el supuesto desv\u00edo de fondos millonarios que desde 2009 el Estado le pag\u00f3 a la AFA por los derechos para transmitir los partidos.<\/p>\n<p style=\"text-align: justify;\">En el descalabro, la AFA recibi\u00f3 veedores gubernamentales, judiciales y representantes de una comisi\u00f3n de la FIFA en la que el exastro Diego Maradona asiste como colaborador. La instituci\u00f3n est\u00e1 bajo una intervenci\u00f3n de hecho.<\/p>\n<p style=\"text-align: justify;\">\u00abTenemos que empezar a ordenar\u00bb el f\u00fatbol argentino, dijo Olarticoechea.<\/p>\n<p style=\"text-align: justify;\">El propio Maradona, con quien comparti\u00f3 la gloria en el Mundial-86, se ofreci\u00f3 para sumarse a la direcci\u00f3n t\u00e9cnica, pero lo rechazaron.<\/p>\n<p style=\"text-align: justify;\">\u00abHay mucha gente que quiere ayudarme, pero somos tres y yo estoy conforme. Vamos a estar a la altura de la responsabilidad\u00bb, confi\u00f3 Olarticoechea.<\/p>\n<p style=\"text-align: justify;\">El DT dijo que \u00abhasta ahora\u00bb el \u00fanico que se baj\u00f3 de la lista fue Vietto \u00aby ser\u00e1 reemplazado por (Jonathan) Calleri\u00bb, goleador de la Copa Libertadores y jugador del Sao Paulo.<\/p>\n<p style=\"text-align: justify;\">Sin embargo la prensa local indica que otros jugadores no fueron incluidos en la lista porque sab\u00edan de antemano que no ser\u00edan cedidos por sus clubes en medio del descalabro.<\/p>\n<p style=\"text-align: justify;\"><strong>Mea culpa<\/strong><\/p>\n<p style=\"text-align: justify;\">\u00abOjal\u00e1 podamos hacer las cosas a la altura de las circunstancias\u00bb, dijo Tapia.<\/p>\n<p style=\"text-align: justify;\">El vicepresidente de la AFA admiti\u00f3 las culpas por la renuncia de Martino que ocurri\u00f3 nueve d\u00edas despu\u00e9s de que el astro Lionel Messi tambi\u00e9n diera el portazo luego de perder la final de la Copa Am\u00e9rica Centenario a manos de Chile.<\/p>\n<p style=\"text-align: justify;\">\u00abEn este proceso, ni en lo dirigencial ni en lo deportivo hicimos lo que ten\u00edamos que hacer para acompa\u00f1ar\u00bb a la selecci\u00f3n argentina, dijo Tapia.<\/p>\n<p style=\"text-align: justify;\">Argentina cay\u00f3 (4-2) en la tanda de penales en la final de la Copa Am\u00e9rica ante Chile que se disput\u00f3 en Estados Unidos.<\/p>\n<p style=\"text-align: justify;\">Enfrascada en sus luchas internas, la AFA se olvid\u00f3 que \u00abno es f\u00e1cil perder una final por penales\u00bb, dijo.<\/p>\n<p style=\"text-align: justify;\">\u00abEl ego\u00edsmo personal no es bueno\u00bb, sentenci\u00f3.<\/p>\n","protected":false},"excerpt":{"rendered":"<p>Buenos Aires.-\u00a0Julio Olarticoechea, designado DT de la selecci\u00f3n argentina de f\u00fatbol para los Juegos Ol\u00edmpicos de R\u00edo-2016, admiti\u00f3 el jueves resistencias de los clubes para ceder jugadores, en medio de la crisis de la AFA que precipit\u00f3 el portazo de Gerardo Martino, rese\u00f1\u00f3 AFP. \u00abSi tengo que ir con 13 jugadores vamos a ponerle el &#8230;<\/p>\n","protected":false},"author":4,"featured_media":28843,"comment_status":"closed","ping_status":"closed","sticky":false,"template":"","format":"standard","meta":{"footnotes":""},"categories":[752,1878,3],"tags":[],"class_list":["post-28839","post","type-post","status-publish","format-standard","has-post-thumbnail","hentry","category-appgd","category-rusia-2018","category-seleccion-nacional"],"_links":{"self":[{"href":"http:\/\/gradadigital.com\/home\/wp-json\/wp\/v2\/posts\/28839","targetHints":{"allow":["GET"]}}],"collection":[{"href":"http:\/\/gradadigital.com\/home\/wp-json\/wp\/v2\/posts"}],"about":[{"href":"http:\/\/gradadigital.com\/home\/wp-json\/wp\/v2\/types\/post"}],"author":[{"embeddable":true,"href":"http:\/\/gradadigital.com\/home\/wp-json\/wp\/v2\/users\/4"}],"replies":[{"embeddable":true,"href":"http:\/\/gradadigital.com\/home\/wp-json\/wp\/v2\/comments?post=28839"}],"version-history":[{"count":1,"href":"http:\/\/gradadigital.com\/home\/wp-json\/wp\/v2\/posts\/28839\/revisions"}],"predecessor-version":[{"id":28844,"href":"http:\/\/gradadigital.com\/home\/wp-json\/wp\/v2\/posts\/28839\/revisions\/28844"}],"wp:featuredmedia":[{"embeddable":true,"href":"http:\/\/gradadigital.com\/home\/wp-json\/wp\/v2\/media\/28843"}],"wp:attachment":[{"href":"http:\/\/gradadigital.com\/home\/wp-json\/wp\/v2\/media?parent=28839"}],"wp:term":[{"taxonomy":"category","embeddable":true,"href":"http:\/\/gradadigital.com\/home\/wp-json\/wp\/v2\/categories?post=28839"},{"taxonomy":"post_tag","embeddable":true,"href":"http:\/\/gradadigital.com\/home\/wp-json\/wp\/v2\/tags?post=28839"}],"curies":[{"name":"wp","href":"https:\/\/api.w.org\/{rel}","templated":true}]}}