{"id":28786,"date":"2016-07-06T21:42:57","date_gmt":"2016-07-07T02:12:57","guid":{"rendered":"http:\/\/gradadigital.com\/home\/?p=28786"},"modified":"2016-07-06T22:32:51","modified_gmt":"2016-07-07T03:02:51","slug":"skyros-apunta-al-exito-con-zamora-y-tachira","status":"publish","type":"post","link":"http:\/\/gradadigital.com\/home\/skyros-apunta-al-exito-con-zamora-y-tachira\/","title":{"rendered":"Skyros apunta al \u00e9xito con Zamora y T\u00e1chira"},"content":{"rendered":"<p style=\"text-align: center;\"><img loading=\"lazy\" decoding=\"async\" class=\"alignnone size-full wp-image-28787\" src=\"http:\/\/gradadigital.com\/home\/wp-content\/uploads\/2016\/07\/alejandro_lataczewski_skyros_06072016.jpg\" alt=\"alejandro_lataczewski_skyros_06072016\" width=\"682\" height=\"455\" srcset=\"http:\/\/gradadigital.com\/home\/wp-content\/uploads\/2016\/07\/alejandro_lataczewski_skyros_06072016.jpg 682w, http:\/\/gradadigital.com\/home\/wp-content\/uploads\/2016\/07\/alejandro_lataczewski_skyros_06072016-300x200.jpg 300w\" sizes=\"auto, (max-width: 682px) 100vw, 682px\" \/><\/p>\n<p style=\"text-align: justify;\"><strong>Miguel Vallenilla &#8211;<\/strong> El Torneo Clausura 2016 del F\u00fatbol Venezolano ha iniciado, y el color adem\u00e1s de ponerlo los jugadores y las aficiones, tambi\u00e9n se hace presente\u00a0con la participaci\u00f3n de las marcas deportivas enfocadas en realzar a los clubes que visten. \u00a0Una de ellas es <em><strong>Skyros<\/strong><\/em>, que se mueve actualmente en los campos de f\u00fatbol vistiendo al <strong>Deportivo Anzo\u00e1tegui<\/strong>, y ahora tambi\u00e9n al <strong>Zamora FC<\/strong> y al <strong>Deportivo T\u00e1chira<\/strong>. Para Alejandro Lataczewski, Director de Skyros e Inversiones \u00c1rea 51, que se sumen los dos \u00faltimos campeones del f\u00fatbol venezolano es una gran noticia.<\/p>\n<p style=\"text-align: justify;\"><strong>\u201cIndudablemente consideramos que son dos divisas que son de primera l\u00ednea, ambas con una fanaticada muy importante\u201d<\/strong>, expres\u00f3 Lataczewski, quien asegur\u00f3 que <strong>\u201cdeseamos es aportar con nuestro granito de arena en su desarrollo dentro de la Liga Nacional\u201d<\/strong>.<\/p>\n<p style=\"text-align: justify;\">Skyros volver\u00e1\u00a0a vestir al conjunto \u201cAurinegro\u201d luego de una pasada experiencia cuando todav\u00eda\u00a0representaban\u00a0a\u00a0Topper. <strong>\u201cEs as\u00ed. \u00c9ramos licenciatarios de Topper antiguamente. Ganamos mucha experiencia bajo una marca internacional hasta que decidimos sacar una marca propia\u201d<\/strong>. Alejandro recuerda que una de las camisetas que m\u00e1s han gustado en la afici\u00f3n tachirense fue la versi\u00f3n negra con rayas finas en amarillo con sentido horizontal (<span style=\"color: #333399;\"><a style=\"color: #333399;\" href=\"http:\/\/thumbs.ebaystatic.com\/images\/g\/LhwAAOSwubRXK35X\/s-l225.jpg\" target=\"_blank\">ver<\/a><\/span>), para la Copa Libertadores 2005. <strong>\u201cMe acuerdo de esa camiseta, una edici\u00f3n especial que realizamos. Vestimos al T\u00e1chira por casi tres a\u00f1os con la marca Topper, y fue una experiencia maravillosa con ese equipo\u201d<\/strong>.<\/p>\n<p style=\"text-align: justify;\">Ya son aproximadamente doce a\u00f1os que han pasado desde la fundaci\u00f3n de la marca Skyros. Durante ese trayecto han vestido a clubes de Primera y Segunda Divisi\u00f3n, clubes de baloncesto profesional, equipos de b\u00e9isbol profesional, as\u00ed como la actual delegaci\u00f3n ol\u00edmpica entre otras. <strong>\u201cCreemos que como marca nos estamos posicionando como una marca para atletas profesionales, buscando los m\u00e1s m\u00ednimos detalles tanto en materia prima y confecci\u00f3n, con dise\u00f1os agresivos, siendo cada vez m\u00e1s aceptados por el entorno deportivo. Nuestro caso m\u00e1s emblem\u00e1tico es ser la marca oficial del Comit\u00e9 Ol\u00edmpico Venezolano\u201d<\/strong>. Por segundo evento consecutivo, Skyros estar\u00e1 presente en los Juegos Ol\u00edmpicos. <strong>\u201cEs una marca Nacional, que se desarrolla ac\u00e1, desde cero hasta el punto final en el pa\u00eds. Lo que es dise\u00f1o, imagen, todo es netamente venezolano\u201d<\/strong>, agreg\u00f3 Lataczewski.<\/p>\n<p style=\"text-align: justify;\">Una de las principales preocupaciones de los aficionados del Zamora FC y Deportivo T\u00e1chira es cu\u00e1ndo llegar\u00e1n a sus manos los productos oficiales. El director de Skyros recuerda que <strong>\u201centramos un poco de forma abrupta\u201d<\/strong>, esto debido a que los clubes llegaron al acuerdo con la marca a pocas semanas del inicio del Clausura, pero asegura que <strong>\u201ccalculamos que en dos meses ya estar\u00e1 disponible toda la colecci\u00f3n de los equipos. Lo m\u00e1s inmediato es que dentro de un mes puedan estar disponible las camisetas oficiales, ya sea a trav\u00e9s de internet por la Tienda de Grada Digital, la web de Skyros-Sport.com, las tiendas Pro Player, adem\u00e1s de en otros proyectos que se est\u00e1n finiquitando\u201d<\/strong>.<\/p>\n<p style=\"text-align: justify; padding-left: 30px;\"><strong>Algunas de las disciplinas y clubes que visten Skyros actualmente:<\/strong><\/p>\n<p style=\"padding-left: 30px;\">VARIAS DISCIPLINAS:<br \/>\nDelegaci\u00f3n Ol\u00edmpica para los Juegos Ol\u00edmpicos R\u00edo 2016 (Comit\u00e9 Ol\u00edmpico Venezolano).<\/p>\n<p style=\"text-align: justify; padding-left: 30px;\">BALONCESTO:<br \/>\nSelecci\u00f3n Nacional (Federaci\u00f3n Venezolana de Baloncesto), Gigantes de Guayana y Guaiquer\u00edes de Margarita.<\/p>\n<p style=\"text-align: justify; padding-left: 30px;\">F\u00daTBOL:<br \/>\nZamora F\u00fatbol Club, Deportivo T\u00e1chira y Deportivo Anzo\u00e1tegui.<\/p>\n<p style=\"text-align: justify; padding-left: 30px;\">TENIS:<br \/>\nSelecci\u00f3n Nacional en la Copa Davis (Federaci\u00f3n Venezolana de Tenis).<\/p>\n<p style=\"text-align: justify; padding-left: 30px;\">RUGBY:<br \/>\nSelecci\u00f3n Nacional de Rugby (Federaci\u00f3n Venezolana de Rugby).<\/p>\n<p style=\"text-align: justify; padding-left: 30px;\">B\u00c9ISBOL:<br \/>\nBravos de Margarita.<\/p>\n<blockquote class=\"twitter-tweet\" data-partner=\"tweetdeck\">\n<p lang=\"es\" dir=\"ltr\">+FOTOS  |  <a href=\"https:\/\/twitter.com\/hashtag\/DvoTachira?src=hash\">#DvoTachira<\/a> estren\u00f3 indumentaria <a href=\"https:\/\/twitter.com\/hashtag\/Skyros?src=hash\">#Skyros<\/a> <a href=\"https:\/\/t.co\/pEYHckREan\">https:\/\/t.co\/pEYHckREan<\/a>  <a href=\"https:\/\/t.co\/0xS1uCdW77\">pic.twitter.com\/0xS1uCdW77<\/a><\/p>\n<p>&mdash; Grada Digital (@GradaDigital) <a href=\"https:\/\/twitter.com\/GradaDigital\/status\/750694578802438145\">July 6, 2016<\/a><\/p><\/blockquote>\n<p><script async src=\"\/\/platform.twitter.com\/widgets.js\" charset=\"utf-8\"><\/script><\/p>\n<blockquote class=\"twitter-tweet\" data-partner=\"tweetdeck\">\n<p lang=\"es\" dir=\"ltr\">+FOTOS  | As\u00ed es la nueva indumentaria  <a href=\"https:\/\/twitter.com\/skyrosnoticias\">@skyrosnoticias<\/a> que estren\u00f3 hoy el <a href=\"https:\/\/twitter.com\/ZamoraFutbolC\">@ZamoraFutbolC<\/a> <a href=\"https:\/\/t.co\/CdQzqtYv3i\">https:\/\/t.co\/CdQzqtYv3i<\/a>  <a href=\"https:\/\/t.co\/qP8sgip64C\">pic.twitter.com\/qP8sgip64C<\/a><\/p>\n<p>&mdash; Grada Digital (@GradaDigital) <a href=\"https:\/\/twitter.com\/GradaDigital\/status\/750415223190720512\">July 5, 2016<\/a><\/p><\/blockquote>\n<p><script async src=\"\/\/platform.twitter.com\/widgets.js\" charset=\"utf-8\"><\/script><\/p>\n","protected":false},"excerpt":{"rendered":"<p>Miguel Vallenilla &#8211; El Torneo Clausura 2016 del F\u00fatbol Venezolano ha iniciado, y el color adem\u00e1s de ponerlo los jugadores y las aficiones, tambi\u00e9n se hace presente\u00a0con la participaci\u00f3n de las marcas deportivas enfocadas en realzar a los clubes que visten. \u00a0Una de ellas es Skyros, que se mueve actualmente en los campos de f\u00fatbol &#8230;<\/p>\n","protected":false},"author":4,"featured_media":28787,"comment_status":"closed","ping_status":"closed","sticky":false,"template":"","format":"standard","meta":{"footnotes":""},"categories":[752,10,11,5,31,21],"tags":[],"class_list":["post-28786","post","type-post","status-publish","format-standard","has-post-thumbnail","hentry","category-appgd","category-deportivo-anzoategui","category-deportivo-tachira","category-futbol-nacional","category-primera-division","category-zamora-fc"],"_links":{"self":[{"href":"http:\/\/gradadigital.com\/home\/wp-json\/wp\/v2\/posts\/28786","targetHints":{"allow":["GET"]}}],"collection":[{"href":"http:\/\/gradadigital.com\/home\/wp-json\/wp\/v2\/posts"}],"about":[{"href":"http:\/\/gradadigital.com\/home\/wp-json\/wp\/v2\/types\/post"}],"author":[{"embeddable":true,"href":"http:\/\/gradadigital.com\/home\/wp-json\/wp\/v2\/users\/4"}],"replies":[{"embeddable":true,"href":"http:\/\/gradadigital.com\/home\/wp-json\/wp\/v2\/comments?post=28786"}],"version-history":[{"count":4,"href":"http:\/\/gradadigital.com\/home\/wp-json\/wp\/v2\/posts\/28786\/revisions"}],"predecessor-version":[{"id":28791,"href":"http:\/\/gradadigital.com\/home\/wp-json\/wp\/v2\/posts\/28786\/revisions\/28791"}],"wp:featuredmedia":[{"embeddable":true,"href":"http:\/\/gradadigital.com\/home\/wp-json\/wp\/v2\/media\/28787"}],"wp:attachment":[{"href":"http:\/\/gradadigital.com\/home\/wp-json\/wp\/v2\/media?parent=28786"}],"wp:term":[{"taxonomy":"category","embeddable":true,"href":"http:\/\/gradadigital.com\/home\/wp-json\/wp\/v2\/categories?post=28786"},{"taxonomy":"post_tag","embeddable":true,"href":"http:\/\/gradadigital.com\/home\/wp-json\/wp\/v2\/tags?post=28786"}],"curies":[{"name":"wp","href":"https:\/\/api.w.org\/{rel}","templated":true}]}}