{"id":28765,"date":"2016-07-06T15:12:34","date_gmt":"2016-07-06T19:42:34","guid":{"rendered":"http:\/\/gradadigital.com\/home\/?p=28765"},"modified":"2016-07-06T15:12:34","modified_gmt":"2016-07-06T19:42:34","slug":"ysaura-viso-vestira-los-colores-del-vordeland-austriaco","status":"publish","type":"post","link":"http:\/\/gradadigital.com\/home\/ysaura-viso-vestira-los-colores-del-vordeland-austriaco\/","title":{"rendered":"Ysaura Viso vestir\u00e1 los colores del Vordeland austr\u00edaco"},"content":{"rendered":"<p style=\"text-align: center;\"><img loading=\"lazy\" decoding=\"async\" class=\"alignnone size-full wp-image-4005\" src=\"http:\/\/gradadigital.com\/home\/wp-content\/uploads\/2013\/08\/ysaura_viso_caracasfemenino_estguarico_24082013.jpg\" alt=\"ysaura_viso_caracasfemenino_estguarico_24082013\" width=\"596\" height=\"346\" srcset=\"http:\/\/gradadigital.com\/home\/wp-content\/uploads\/2013\/08\/ysaura_viso_caracasfemenino_estguarico_24082013.jpg 596w, http:\/\/gradadigital.com\/home\/wp-content\/uploads\/2013\/08\/ysaura_viso_caracasfemenino_estguarico_24082013-300x174.jpg 300w\" sizes=\"auto, (max-width: 596px) 100vw, 596px\" \/><\/p>\n<p style=\"text-align: justify;\"><strong>PRENSA FVF\/CARACAS &#8211;\u00a0<\/strong>La destacada jugadora del f\u00fatbol femenino venezolano Ysaura Viso, ex mundialista con la selecci\u00f3n Sub 17 que concurri\u00f3 al Mundial de Trinidad y Tobago de 2010, asumir\u00e1 un nuevo reto en su carrera cuando viaje este jueves a Austria, Europa, para firmar con el equipo de la segunda divisi\u00f3n femenina de esa naci\u00f3n FFC Fairvesta Vorderland, para la temporada que comenzar\u00e1 en septiembre de este a\u00f1o.<\/p>\n<p style=\"text-align: justify;\">Viso, actual ficha del club Estudiantes de Gu\u00e1rico de la Liga Femenina venezolana, tendr\u00e1 una responsabilidad deportiva may\u00fascula, como ya la asumieron otras jugadoras venezolanas, es el caso de Oriana Altuve, quien juega en Uruguay, y Yusmely Ascanio, quien se desempe\u00f1a en Chile.<\/p>\n<p style=\"text-align: justify;\">\u201cDesde peque\u00f1a fue uno de mis sue\u00f1os el poder jugar f\u00fatbol, con la idea de ir al exterior\u201d, expres\u00f3. \u201cPude salir antes fuera de Venezuela, pero nunca se concret\u00f3 una oferta aunque s\u00ed hubo varias, agradezco especialmente al profesor Roiman Guzm\u00e1n (instructor FIFA de la FVF) y a Crist\u00f3bal \u2018Torito\u2019 Hibirma (presidente de la Asociaci\u00f3n de F\u00fatbol de Gu\u00e1rico), haberme brindado la oportunidad de llegar hasta este sue\u00f1o hecho realidad\u201d, abund\u00f3.<\/p>\n<p style=\"text-align: justify;\">La futbolista, de 23 a\u00f1os de edad, fue determinante para el \u00e9xito de la Sub 17 femenina venezolana en 2010, cuando brill\u00f3 como centro-delantera y sum\u00f3 siete goles en el Sudamericano de ese a\u00f1o, en el cual Venezuela conquist\u00f3 el bronce en el Sudamericano de Brasil.<\/p>\n<p style=\"text-align: justify;\">Posteriormente, en el Mundial, Viso agreg\u00f3 dos anotaciones. En la liga local, ha militado en Estudiantes de Gu\u00e1rico y como refuerzo del Caracas F\u00fatbol Club. Con el bando llanero ha participado en dos Copas Libertadores, de los a\u00f1os 2013 y 2015.<\/p>\n<p style=\"text-align: justify;\">En Venezuela, con Estudiantes de Gu\u00e1rico, Viso suma 22 goles en la actual contienda femenina, la segunda mejor zafra de la contienda.<\/p>\n<p style=\"text-align: justify;\">\u201cEspero adaptarme bien y en corto tiempo; tambi\u00e9n tendr\u00e9 una profesora para ayudarme con el alem\u00e1n y el ingl\u00e9s como idiomas principales\u201d, sostuvo la tambi\u00e9n estudiante de Administraci\u00f3n de Empresas en la UNERG venezolana.<\/p>\n<p style=\"text-align: justify;\">Viso emprender\u00e1 un largo viaje a\u00e9reo este jueves siete de julio v\u00eda Bogot\u00e1-Madrid-Z\u00farich-Viena.<\/p>\n","protected":false},"excerpt":{"rendered":"<p>PRENSA FVF\/CARACAS &#8211;\u00a0La destacada jugadora del f\u00fatbol femenino venezolano Ysaura Viso, ex mundialista con la selecci\u00f3n Sub 17 que concurri\u00f3 al Mundial de Trinidad y Tobago de 2010, asumir\u00e1 un nuevo reto en su carrera cuando viaje este jueves a Austria, Europa, para firmar con el equipo de la segunda divisi\u00f3n femenina de esa naci\u00f3n &#8230;<\/p>\n","protected":false},"author":4,"featured_media":4005,"comment_status":"closed","ping_status":"closed","sticky":false,"template":"","format":"standard","meta":{"footnotes":""},"categories":[752,41],"tags":[],"class_list":["post-28765","post","type-post","status-publish","format-standard","has-post-thumbnail","hentry","category-appgd","category-futbol-femenino"],"_links":{"self":[{"href":"http:\/\/gradadigital.com\/home\/wp-json\/wp\/v2\/posts\/28765","targetHints":{"allow":["GET"]}}],"collection":[{"href":"http:\/\/gradadigital.com\/home\/wp-json\/wp\/v2\/posts"}],"about":[{"href":"http:\/\/gradadigital.com\/home\/wp-json\/wp\/v2\/types\/post"}],"author":[{"embeddable":true,"href":"http:\/\/gradadigital.com\/home\/wp-json\/wp\/v2\/users\/4"}],"replies":[{"embeddable":true,"href":"http:\/\/gradadigital.com\/home\/wp-json\/wp\/v2\/comments?post=28765"}],"version-history":[{"count":1,"href":"http:\/\/gradadigital.com\/home\/wp-json\/wp\/v2\/posts\/28765\/revisions"}],"predecessor-version":[{"id":28767,"href":"http:\/\/gradadigital.com\/home\/wp-json\/wp\/v2\/posts\/28765\/revisions\/28767"}],"wp:featuredmedia":[{"embeddable":true,"href":"http:\/\/gradadigital.com\/home\/wp-json\/wp\/v2\/media\/4005"}],"wp:attachment":[{"href":"http:\/\/gradadigital.com\/home\/wp-json\/wp\/v2\/media?parent=28765"}],"wp:term":[{"taxonomy":"category","embeddable":true,"href":"http:\/\/gradadigital.com\/home\/wp-json\/wp\/v2\/categories?post=28765"},{"taxonomy":"post_tag","embeddable":true,"href":"http:\/\/gradadigital.com\/home\/wp-json\/wp\/v2\/tags?post=28765"}],"curies":[{"name":"wp","href":"https:\/\/api.w.org\/{rel}","templated":true}]}}