{"id":28757,"date":"2016-07-06T13:31:03","date_gmt":"2016-07-06T18:01:03","guid":{"rendered":"http:\/\/gradadigital.com\/home\/?p=28757"},"modified":"2016-07-06T13:31:03","modified_gmt":"2016-07-06T18:01:03","slug":"lara-anuncia-el-fichaje-de-starlin-yendis","status":"publish","type":"post","link":"http:\/\/gradadigital.com\/home\/lara-anuncia-el-fichaje-de-starlin-yendis\/","title":{"rendered":"Lara anuncia el fichaje de Starlin Yendis"},"content":{"rendered":"<p style=\"text-align: center;\"><img loading=\"lazy\" decoding=\"async\" class=\"alignnone size-full wp-image-28758\" src=\"http:\/\/gradadigital.com\/home\/wp-content\/uploads\/2016\/07\/starlin_yendis_lara_06072016.jpg\" alt=\"starlin_yendis_lara_06072016\" width=\"682\" height=\"455\" srcset=\"http:\/\/gradadigital.com\/home\/wp-content\/uploads\/2016\/07\/starlin_yendis_lara_06072016.jpg 682w, http:\/\/gradadigital.com\/home\/wp-content\/uploads\/2016\/07\/starlin_yendis_lara_06072016-300x200.jpg 300w\" sizes=\"auto, (max-width: 682px) 100vw, 682px\" \/><\/p>\n<p style=\"text-align: justify;\"><strong>Lcdo. Tomy Arguelles &#8211;\u00a0<\/strong>La Junta Directiva del Deportivo Lara oficializ\u00f3 la llegada del mediocampista ofensivo Starlin Lu\u00eds Yendis proveniente del equipo de la segunda divisi\u00f3n, Academia Puerto Cabello. El juvenil nacido en el a\u00f1o 1999, ya tiene varias semanas entrenando con el equipo y hoy rubric\u00f3 su firma con el rojinegro.<\/p>\n<p style=\"text-align: justify;\">El nativo de Barcelona, estado Anzo\u00e1tegui, se\u00f1al\u00f3 lo que le incentiv\u00f3 a venirse al estado Lara. <strong>\u201cMe han dado la oportunidad de entrenar con el primer equipo, este es un club importante del pa\u00eds que va a jugar Copa Sudamericana y tiene a jugadores j\u00f3venes de mucho talento, espero aprovechar esta oportunidad\u201d.<\/strong><\/p>\n<p style=\"text-align: justify;\">Sobre cu\u00e1les son sus caracter\u00edsticas de juego, mencion\u00f3. <strong>\u201cMe gusta ir mucho al ataque, hacerle pases a los delanteros y tambi\u00e9n procuro ayudar anotando\u201d. <\/strong>En lo referente a los objetivos personales que tiene, esboz\u00f3. <strong>\u201cEspero debutar con el equipo de primera divisi\u00f3n y estar all\u00ed lo m\u00e1s seguido posible, trabajar\u00e9 duro para intentar ganarme un puesto en el once, solo hay que tener paciencia y esperar el momento indicado\u201d.<\/strong><\/p>\n<p style=\"text-align: justify;\">En lo colectivo \u00bfQu\u00e9 conclusiones sacas del equipo luego de ya conocerles en los entrenamientos? <strong>\u201cEs un grupo muy humano en el que todos vamos por el mismo camino, estamos compitiendo sanamente y creo que vamos a lograr los objetivos que nos hemos trazado\u201d, <\/strong>concluy\u00f3 el jugador oriental.<\/p>\n<p style=\"text-align: justify;\"><strong><u>Ficha del jugador:<\/u><\/strong><\/p>\n<p style=\"text-align: justify;\"><strong>Nombre completo:<\/strong> Starling Lu\u00eds Yendis G\u00f3mez<\/p>\n<p style=\"text-align: justify;\"><strong>Fecha y Lugar de nacimiento:<\/strong> 07 de marzo de 1999 en Barcelona, estado Anzo\u00e1tegui.<\/p>\n<p style=\"text-align: justify;\"><strong>Peso: <\/strong>63 Kgs.<\/p>\n<p style=\"text-align: justify;\"><strong>Estatura: <\/strong>1.67 Kgs.<\/p>\n<p style=\"text-align: justify;\"><strong>Posici\u00f3n:<\/strong> Mediocampista Ofensivo.<\/p>\n<p style=\"text-align: justify;\"><strong>Perfil:<\/strong> Derecho.<\/p>\n<p style=\"text-align: justify;\"><strong>Equipos donde ha militado:<\/strong> Academia Puerto Cabello.<\/p>\n","protected":false},"excerpt":{"rendered":"<p>Lcdo. Tomy Arguelles &#8211;\u00a0La Junta Directiva del Deportivo Lara oficializ\u00f3 la llegada del mediocampista ofensivo Starlin Lu\u00eds Yendis proveniente del equipo de la segunda divisi\u00f3n, Academia Puerto Cabello. El juvenil nacido en el a\u00f1o 1999, ya tiene varias semanas entrenando con el equipo y hoy rubric\u00f3 su firma con el rojinegro. El nativo de Barcelona, &#8230;<\/p>\n","protected":false},"author":4,"featured_media":28758,"comment_status":"closed","ping_status":"closed","sticky":false,"template":"","format":"standard","meta":{"footnotes":""},"categories":[752,8,5,31],"tags":[],"class_list":["post-28757","post","type-post","status-publish","format-standard","has-post-thumbnail","hentry","category-appgd","category-cd-lara","category-futbol-nacional","category-primera-division"],"_links":{"self":[{"href":"http:\/\/gradadigital.com\/home\/wp-json\/wp\/v2\/posts\/28757","targetHints":{"allow":["GET"]}}],"collection":[{"href":"http:\/\/gradadigital.com\/home\/wp-json\/wp\/v2\/posts"}],"about":[{"href":"http:\/\/gradadigital.com\/home\/wp-json\/wp\/v2\/types\/post"}],"author":[{"embeddable":true,"href":"http:\/\/gradadigital.com\/home\/wp-json\/wp\/v2\/users\/4"}],"replies":[{"embeddable":true,"href":"http:\/\/gradadigital.com\/home\/wp-json\/wp\/v2\/comments?post=28757"}],"version-history":[{"count":1,"href":"http:\/\/gradadigital.com\/home\/wp-json\/wp\/v2\/posts\/28757\/revisions"}],"predecessor-version":[{"id":28759,"href":"http:\/\/gradadigital.com\/home\/wp-json\/wp\/v2\/posts\/28757\/revisions\/28759"}],"wp:featuredmedia":[{"embeddable":true,"href":"http:\/\/gradadigital.com\/home\/wp-json\/wp\/v2\/media\/28758"}],"wp:attachment":[{"href":"http:\/\/gradadigital.com\/home\/wp-json\/wp\/v2\/media?parent=28757"}],"wp:term":[{"taxonomy":"category","embeddable":true,"href":"http:\/\/gradadigital.com\/home\/wp-json\/wp\/v2\/categories?post=28757"},{"taxonomy":"post_tag","embeddable":true,"href":"http:\/\/gradadigital.com\/home\/wp-json\/wp\/v2\/tags?post=28757"}],"curies":[{"name":"wp","href":"https:\/\/api.w.org\/{rel}","templated":true}]}}