{"id":28741,"date":"2016-07-06T11:09:09","date_gmt":"2016-07-06T15:39:09","guid":{"rendered":"http:\/\/gradadigital.com\/home\/?p=28741"},"modified":"2016-07-06T11:09:09","modified_gmt":"2016-07-06T15:39:09","slug":"stifano-no-se-pueden-fallar-tantos-mano-a-mano-con-los-equipos-grandes","status":"publish","type":"post","link":"http:\/\/gradadigital.com\/home\/stifano-no-se-pueden-fallar-tantos-mano-a-mano-con-los-equipos-grandes\/","title":{"rendered":"Stifano: \u00abNo se pueden fallar tantos mano a mano con los equipos grandes\u00bb"},"content":{"rendered":"<p style=\"text-align: center;\"><img loading=\"lazy\" decoding=\"async\" class=\"alignnone size-full wp-image-28742\" src=\"http:\/\/gradadigital.com\/home\/wp-content\/uploads\/2016\/07\/francesco_stifano_estcaracas_zamora_03072016.jpg\" alt=\"francesco_stifano_estcaracas_zamora_03072016\" width=\"682\" height=\"455\" srcset=\"http:\/\/gradadigital.com\/home\/wp-content\/uploads\/2016\/07\/francesco_stifano_estcaracas_zamora_03072016.jpg 682w, http:\/\/gradadigital.com\/home\/wp-content\/uploads\/2016\/07\/francesco_stifano_estcaracas_zamora_03072016-300x200.jpg 300w\" sizes=\"auto, (max-width: 682px) 100vw, 682px\" \/><\/p>\n<p style=\"text-align: justify;\"><strong>Freddy Bautista, Prensa Zamora FC,\u00a0<\/strong><strong>Barinas |<\/strong>\u00a0Con tres puntos en el bolsillo inici\u00f3 Zamora F\u00fatbol Club su accionar en el Torneo Clausura 2016 tras vencer por la m\u00ednima diferencia a Estudiantes de Caracas Sport Club en condici\u00f3n de visitante. Ahora, el cuadro llanero apunta hacia su pr\u00f3ximo reto: Deportivo T\u00e1chira.<\/p>\n<p style=\"text-align: justify;\">El director t\u00e9cnico del conjunto blanquinegro, Francesco Stifano, evalu\u00f3 su primera presentaci\u00f3n ante los capitalinos y enfatiz\u00f3 que a\u00fan queda por afinar algunos detalles.\u00a0<strong>\u201cRescato la actitud de los muchachos, siempre fuimos a buscar el partido. Con el gol, generamos much\u00edsimas m\u00e1s ocasiones. Lo eval\u00fao bien por ser un partido de arranque, donde el equipo tuvo actitud para atacar y presionar bastante aunque a\u00fan hay muchas cosas por definir\u201d<\/strong>.<\/p>\n<p style=\"text-align: justify;\">Pese a que el cuadro barin\u00e9s gener\u00f3 distintas ocasiones de gol que no se pudieron concretar, el estratega caraque\u00f1o aplaudi\u00f3 el hecho de resguardar el cero en el p\u00f3rtico.\u00a0<strong>\u201cNo se pueden fallar tantos mano a mano con los equipos grandes o en partidos internacionales porque ellos no te perdonan. Queda mucho por corregir y mejorar, pero considero que corregir ganando es importante\u201d<\/strong>, coment\u00f3 Stifano que a su vez indic\u00f3:\u00a0<strong>\u201cEs positivo ganar partidos en estas situaciones, donde se pudo generar much\u00edsimas ocasiones de gol y me quiero llevar eso como positivo, adem\u00e1s el equipo estuvo bien a nivel defensivo en una cancha que no tiene fluidez para jugar\u201d<\/strong>.<\/p>\n<p style=\"text-align: justify;\">La Furia Llanera tendr\u00e1 siete d\u00edas para ir afinando detalles antes de afrontar una semana agitada donde enfrentar\u00e1 hasta a tres rivales.\u00a0<strong>\u201cVienen partidazos con Deportivo T\u00e1chira, (Atl\u00e9tico) Socop\u00f3 y Mineros, tendremos una semana muy larga y debemos estar a la altura para sacar los puntos necesarios\u201d<\/strong>, concret\u00f3 el DT campe\u00f3n.<\/p>\n<p style=\"text-align: justify;\">A las 7:00 pm ser\u00e1 el pitazo inicial del partido de este domingo entre tachirenses y barineses a disputarse en el estadio Agust\u00edn Tovar \u2018La Carolina\u2019, que contar\u00e1 con transmisi\u00f3n televisiva de GolTV, Meridiano TV y Telearagua.<\/p>\n","protected":false},"excerpt":{"rendered":"<p>Freddy Bautista, Prensa Zamora FC,\u00a0Barinas |\u00a0Con tres puntos en el bolsillo inici\u00f3 Zamora F\u00fatbol Club su accionar en el Torneo Clausura 2016 tras vencer por la m\u00ednima diferencia a Estudiantes de Caracas Sport Club en condici\u00f3n de visitante. Ahora, el cuadro llanero apunta hacia su pr\u00f3ximo reto: Deportivo T\u00e1chira. El director t\u00e9cnico del conjunto blanquinegro, &#8230;<\/p>\n","protected":false},"author":4,"featured_media":28742,"comment_status":"closed","ping_status":"closed","sticky":false,"template":"","format":"standard","meta":{"footnotes":""},"categories":[752,5,31,21],"tags":[],"class_list":["post-28741","post","type-post","status-publish","format-standard","has-post-thumbnail","hentry","category-appgd","category-futbol-nacional","category-primera-division","category-zamora-fc"],"_links":{"self":[{"href":"http:\/\/gradadigital.com\/home\/wp-json\/wp\/v2\/posts\/28741","targetHints":{"allow":["GET"]}}],"collection":[{"href":"http:\/\/gradadigital.com\/home\/wp-json\/wp\/v2\/posts"}],"about":[{"href":"http:\/\/gradadigital.com\/home\/wp-json\/wp\/v2\/types\/post"}],"author":[{"embeddable":true,"href":"http:\/\/gradadigital.com\/home\/wp-json\/wp\/v2\/users\/4"}],"replies":[{"embeddable":true,"href":"http:\/\/gradadigital.com\/home\/wp-json\/wp\/v2\/comments?post=28741"}],"version-history":[{"count":1,"href":"http:\/\/gradadigital.com\/home\/wp-json\/wp\/v2\/posts\/28741\/revisions"}],"predecessor-version":[{"id":28743,"href":"http:\/\/gradadigital.com\/home\/wp-json\/wp\/v2\/posts\/28741\/revisions\/28743"}],"wp:featuredmedia":[{"embeddable":true,"href":"http:\/\/gradadigital.com\/home\/wp-json\/wp\/v2\/media\/28742"}],"wp:attachment":[{"href":"http:\/\/gradadigital.com\/home\/wp-json\/wp\/v2\/media?parent=28741"}],"wp:term":[{"taxonomy":"category","embeddable":true,"href":"http:\/\/gradadigital.com\/home\/wp-json\/wp\/v2\/categories?post=28741"},{"taxonomy":"post_tag","embeddable":true,"href":"http:\/\/gradadigital.com\/home\/wp-json\/wp\/v2\/tags?post=28741"}],"curies":[{"name":"wp","href":"https:\/\/api.w.org\/{rel}","templated":true}]}}