{"id":28736,"date":"2016-07-06T09:48:23","date_gmt":"2016-07-06T14:18:23","guid":{"rendered":"http:\/\/gradadigital.com\/home\/?p=28736"},"modified":"2016-07-06T09:48:23","modified_gmt":"2016-07-06T14:18:23","slug":"martino-abandona-la-seleccion-argentina-9-dias-despues-de-renunciar-messi","status":"publish","type":"post","link":"http:\/\/gradadigital.com\/home\/martino-abandona-la-seleccion-argentina-9-dias-despues-de-renunciar-messi\/","title":{"rendered":"Martino abandona la selecci\u00f3n argentina 9 d\u00edas despu\u00e9s de renunciar Messi"},"content":{"rendered":"<p style=\"text-align: center;\"><a href=\"http:\/\/gradadigital.com\/home\/wp-content\/uploads\/2015\/07\/gerardo_martino_argentina.jpg\"><img loading=\"lazy\" decoding=\"async\" class=\"alignnone size-full wp-image-21398\" src=\"http:\/\/gradadigital.com\/home\/wp-content\/uploads\/2015\/07\/gerardo_martino_argentina.jpg\" alt=\"gerardo_martino_argentina\" width=\"682\" height=\"455\" srcset=\"http:\/\/gradadigital.com\/home\/wp-content\/uploads\/2015\/07\/gerardo_martino_argentina.jpg 682w, http:\/\/gradadigital.com\/home\/wp-content\/uploads\/2015\/07\/gerardo_martino_argentina-300x200.jpg 300w\" sizes=\"auto, (max-width: 682px) 100vw, 682px\" \/><\/a><\/p>\n<p style=\"text-align: justify;\"><strong>EFE<\/strong> &#8211; Gerardo &#8216;Tata&#8217; Martino renunci\u00f3 este martes como entrenador de la selecci\u00f3n argentina de f\u00fatbol, inform\u00f3 la Asociaci\u00f3n del F\u00fatbol Argentino (AFA)<\/p>\n<p class=\"text\" style=\"text-align: justify;\"><strong>\u00abEl cuerpo t\u00e9cnico de la Selecci\u00f3n ha decidido presentar su renuncia en el d\u00eda de la fecha\u00bb,<\/strong> se\u00f1ala la AFA.<\/p>\n<p class=\"text\" style=\"text-align: justify;\"><strong>\u00abDebido a la indefinici\u00f3n en la designaci\u00f3n de nuevas autoridades de la Asociaci\u00f3n del F\u00fatbol Argentino y a los graves inconvenientes para conseguir conformar el plantel que represente al pa\u00eds en los pr\u00f3ximos Juegos Ol\u00edmpicos, el cuerpo t\u00e9cnico de la Selecci\u00f3n ha decidido presentar su renuncia en el d\u00eda de la fecha\u00bb,<\/strong> agrega.<\/p>\n<p class=\"text\" style=\"text-align: justify;\">Argentina tiene problemas para armar la selecci\u00f3n que jugar\u00e1 los Juegos Ol\u00edmpicos de R\u00edo de Janeiro porque la mayor\u00eda de los clubes se niega a ceder a los jugadores escogidos por Martino.<\/p>\n<p class=\"text\" style=\"text-align: justify;\">Poco antes de conocerse la renuncia de Martino, el presidente del Comit\u00e9 Ol\u00edmpico Argentino, Gerardo Werthein, asegur\u00f3 que hab\u00eda un 50 por ciento de posibilidades de que el pa\u00eds renunciara al torneo de f\u00fatbol en la cita de R\u00edo de Janeiro.<\/p>\n<p class=\"text\" style=\"text-align: justify;\"><strong>\u00abDe uno a diez, hoy hay cincuenta por ciento de chances que la Argentina no presente el equipo de f\u00fatbol masculino en los Juegos Ol\u00edmpicos\u00bb<\/strong>, declar\u00f3 Werthein a radio Mitre.<\/p>\n<p class=\"text\" style=\"text-align: justify;\">Los entrenamientos de cara a los Juegos Ol\u00edmpicos deb\u00edan comenzar este lunes, pero fueron pospuestos hasta el 11 de julio porque solo hay nueve jugadores confirmados, entre los que se destacan \u00c1ngel Correa, del Atl\u00e9tico de Madrid; Ger\u00f3nimo Rulli, de la Real Sociedad; y Leandro Paredes, del Empoli italiano.<\/p>\n<p class=\"text\" style=\"text-align: justify;\">Martino asumi\u00f3 como seleccionador argentino el 12 de agosto de 2014 en reemplazo de Alejandro Sabella, que dirigi\u00f3 hasta perder la final con Alemania del Mundial de Brasil 2014.<\/p>\n<p class=\"text\" style=\"text-align: justify;\">Bajo la direcci\u00f3n t\u00e9cnica del exentrenador del Barcelona, Argentina perdi\u00f3 por penaltis ante Chile la Copa Am\u00e9rica de Chile 2015 y la Copa Am\u00e9rica Centenario de este a\u00f1o, disputada ante Estados Unidos.<\/p>\n<p class=\"text\" style=\"text-align: justify;\">En total dirigi\u00f3 29 partidos y en el balance: 19 victorias, 7 empates y 3 derrotas.<\/p>\n<p class=\"text\" style=\"text-align: justify;\">Tras la ca\u00edda en la final, Lionel Messi renunci\u00f3 a la selecci\u00f3n tras perder la final de la Copa Am\u00e9rica Centenario ante Chile el 26 de junio.<\/p>\n<p class=\"text\" style=\"text-align: justify;\">En las eliminatorias sudamericanas rumbo a el Mundial Rusia de 2016, la Albiceleste ocupa el tercer puesto con once puntos de 18 posibles, a dos de los l\u00edderes, Uruguay y Ecuador.<\/p>\n<div class=\"articleCredit\"><\/div>\n","protected":false},"excerpt":{"rendered":"<p>EFE &#8211; Gerardo &#8216;Tata&#8217; Martino renunci\u00f3 este martes como entrenador de la selecci\u00f3n argentina de f\u00fatbol, inform\u00f3 la Asociaci\u00f3n del F\u00fatbol Argentino (AFA) \u00abEl cuerpo t\u00e9cnico de la Selecci\u00f3n ha decidido presentar su renuncia en el d\u00eda de la fecha\u00bb, se\u00f1ala la AFA. \u00abDebido a la indefinici\u00f3n en la designaci\u00f3n de nuevas autoridades de la &#8230;<\/p>\n","protected":false},"author":8,"featured_media":21398,"comment_status":"closed","ping_status":"closed","sticky":false,"template":"","format":"standard","meta":{"footnotes":""},"categories":[752,36],"tags":[],"class_list":["post-28736","post","type-post","status-publish","format-standard","has-post-thumbnail","hentry","category-appgd","category-internacional"],"_links":{"self":[{"href":"http:\/\/gradadigital.com\/home\/wp-json\/wp\/v2\/posts\/28736","targetHints":{"allow":["GET"]}}],"collection":[{"href":"http:\/\/gradadigital.com\/home\/wp-json\/wp\/v2\/posts"}],"about":[{"href":"http:\/\/gradadigital.com\/home\/wp-json\/wp\/v2\/types\/post"}],"author":[{"embeddable":true,"href":"http:\/\/gradadigital.com\/home\/wp-json\/wp\/v2\/users\/8"}],"replies":[{"embeddable":true,"href":"http:\/\/gradadigital.com\/home\/wp-json\/wp\/v2\/comments?post=28736"}],"version-history":[{"count":1,"href":"http:\/\/gradadigital.com\/home\/wp-json\/wp\/v2\/posts\/28736\/revisions"}],"predecessor-version":[{"id":28737,"href":"http:\/\/gradadigital.com\/home\/wp-json\/wp\/v2\/posts\/28736\/revisions\/28737"}],"wp:featuredmedia":[{"embeddable":true,"href":"http:\/\/gradadigital.com\/home\/wp-json\/wp\/v2\/media\/21398"}],"wp:attachment":[{"href":"http:\/\/gradadigital.com\/home\/wp-json\/wp\/v2\/media?parent=28736"}],"wp:term":[{"taxonomy":"category","embeddable":true,"href":"http:\/\/gradadigital.com\/home\/wp-json\/wp\/v2\/categories?post=28736"},{"taxonomy":"post_tag","embeddable":true,"href":"http:\/\/gradadigital.com\/home\/wp-json\/wp\/v2\/tags?post=28736"}],"curies":[{"name":"wp","href":"https:\/\/api.w.org\/{rel}","templated":true}]}}