{"id":28535,"date":"2016-06-17T12:15:00","date_gmt":"2016-06-17T16:45:00","guid":{"rendered":"http:\/\/gradadigital.com\/home\/?p=28535"},"modified":"2016-06-17T12:15:00","modified_gmt":"2016-06-17T16:45:00","slug":"aguero-cuanto-mas-contacto-tenga-messi-con-la-pelota-mejor","status":"publish","type":"post","link":"http:\/\/gradadigital.com\/home\/aguero-cuanto-mas-contacto-tenga-messi-con-la-pelota-mejor\/","title":{"rendered":"Ag\u00fcero: \u00abCuanto m\u00e1s contacto tenga Messi con la pelota, mejor\u00bb"},"content":{"rendered":"<p style=\"text-align: center;\"><img loading=\"lazy\" decoding=\"async\" class=\"alignnone size-full wp-image-28536\" src=\"http:\/\/gradadigital.com\/home\/wp-content\/uploads\/2016\/06\/sergio_aguero.jpg\" alt=\"sergio_aguero\" width=\"682\" height=\"455\" srcset=\"http:\/\/gradadigital.com\/home\/wp-content\/uploads\/2016\/06\/sergio_aguero.jpg 682w, http:\/\/gradadigital.com\/home\/wp-content\/uploads\/2016\/06\/sergio_aguero-300x200.jpg 300w\" sizes=\"auto, (max-width: 682px) 100vw, 682px\" \/><\/p>\n<p style=\"text-align: justify;\"><strong>EFE\u00a0&#8211;<\/strong> El delantero Sergio Ag\u00fcero asegur\u00f3 hoy que para la selecci\u00f3n argentina es bueno que Lionel Messi tenga libertad para moverse por toda la cancha de juego.<\/p>\n<p style=\"text-align: justify;\"><strong>\u00abEn la cancha Leo es libre, se puede mover por todos lados porque para nosotros no es bueno que est\u00e9 est\u00e1tico en un lugar. Cuanto m\u00e1s contacto tenga con la pelota mejor porque Leo en cualquier momento puede marcar la diferencia\u00bb<\/strong>, dijo el &#8216;Kun&#8217;.<\/p>\n<p style=\"text-align: justify;\">Ag\u00fcero, que se disputa un sitio en el once titular con Gonzalo Higua\u00edn, asegur\u00f3 que \u00e9l tiene un perfil menos goleador que su compa\u00f1ero porque suele jugar como segundo delantero, aunque consider\u00f3 que la albiceleste puede marcar goles con cualquiera de los dos en punta.<\/p>\n<p style=\"text-align: justify;\">El ariete cree que Argentina tiene posibilidades <strong>\u00abbastante claras\u00bb<\/strong> de llevarse la Copa Am\u00e9rica Centenario, aunque no quiso dar nada por ganado y record\u00f3 que el primer obst\u00e1culo es Venezuela en cuartos de final el s\u00e1bado.<\/p>\n","protected":false},"excerpt":{"rendered":"<p>EFE\u00a0&#8211; El delantero Sergio Ag\u00fcero asegur\u00f3 hoy que para la selecci\u00f3n argentina es bueno que Lionel Messi tenga libertad para moverse por toda la cancha de juego. \u00abEn la cancha Leo es libre, se puede mover por todos lados porque para nosotros no es bueno que est\u00e9 est\u00e1tico en un lugar. Cuanto m\u00e1s contacto tenga &#8230;<\/p>\n","protected":false},"author":3,"featured_media":28536,"comment_status":"closed","ping_status":"closed","sticky":false,"template":"","format":"standard","meta":{"footnotes":""},"categories":[752,42,36,40,3],"tags":[],"class_list":["post-28535","post","type-post","status-publish","format-standard","has-post-thumbnail","hentry","category-appgd","category-copa-america","category-internacional","category-seleccion-nacional-mayores","category-seleccion-nacional"],"_links":{"self":[{"href":"http:\/\/gradadigital.com\/home\/wp-json\/wp\/v2\/posts\/28535","targetHints":{"allow":["GET"]}}],"collection":[{"href":"http:\/\/gradadigital.com\/home\/wp-json\/wp\/v2\/posts"}],"about":[{"href":"http:\/\/gradadigital.com\/home\/wp-json\/wp\/v2\/types\/post"}],"author":[{"embeddable":true,"href":"http:\/\/gradadigital.com\/home\/wp-json\/wp\/v2\/users\/3"}],"replies":[{"embeddable":true,"href":"http:\/\/gradadigital.com\/home\/wp-json\/wp\/v2\/comments?post=28535"}],"version-history":[{"count":1,"href":"http:\/\/gradadigital.com\/home\/wp-json\/wp\/v2\/posts\/28535\/revisions"}],"predecessor-version":[{"id":28537,"href":"http:\/\/gradadigital.com\/home\/wp-json\/wp\/v2\/posts\/28535\/revisions\/28537"}],"wp:featuredmedia":[{"embeddable":true,"href":"http:\/\/gradadigital.com\/home\/wp-json\/wp\/v2\/media\/28536"}],"wp:attachment":[{"href":"http:\/\/gradadigital.com\/home\/wp-json\/wp\/v2\/media?parent=28535"}],"wp:term":[{"taxonomy":"category","embeddable":true,"href":"http:\/\/gradadigital.com\/home\/wp-json\/wp\/v2\/categories?post=28535"},{"taxonomy":"post_tag","embeddable":true,"href":"http:\/\/gradadigital.com\/home\/wp-json\/wp\/v2\/tags?post=28535"}],"curies":[{"name":"wp","href":"https:\/\/api.w.org\/{rel}","templated":true}]}}