{"id":28391,"date":"2016-06-13T22:30:36","date_gmt":"2016-06-14T03:00:36","guid":{"rendered":"http:\/\/gradadigital.com\/home\/?p=28391"},"modified":"2016-06-15T02:04:21","modified_gmt":"2016-06-15T06:34:21","slug":"video-rueda-de-prensa-de-rafael-dudamel","status":"publish","type":"post","link":"http:\/\/gradadigital.com\/home\/video-rueda-de-prensa-de-rafael-dudamel\/","title":{"rendered":"VIDEO | Rueda de prensa de Rafael Dudamel tras empate con M\u00e9xico"},"content":{"rendered":"<p style=\"text-align: center;\"><img loading=\"lazy\" decoding=\"async\" class=\"alignnone size-full wp-image-28392\" src=\"http:\/\/gradadigital.com\/home\/wp-content\/uploads\/2016\/06\/rafael_dudamel_130616.jpg\" alt=\"rafael_dudamel_130616\" width=\"682\" height=\"455\" srcset=\"http:\/\/gradadigital.com\/home\/wp-content\/uploads\/2016\/06\/rafael_dudamel_130616.jpg 682w, http:\/\/gradadigital.com\/home\/wp-content\/uploads\/2016\/06\/rafael_dudamel_130616-300x200.jpg 300w\" sizes=\"auto, (max-width: 682px) 100vw, 682px\" \/><\/p>\n<p style=\"text-align: justify;\"><strong>GradaDigital.com\u00a0&#8211;<\/strong> A\u00a0continuaci\u00f3n te presentamos en video las declaraciones del seleccionador venezolano Rafael Dudamel concedidas en rueda de prensa tras el empate (1-1) de Venezuela frente a M\u00e9xico este lunes, 13 de junio, en la tercera y \u00faltima jornada del Grupo C de la Copa Am\u00e9rica Centenario USA 2016.<\/p>\n<p><iframe loading=\"lazy\" style=\"border: none; overflow: hidden;\" src=\"https:\/\/www.facebook.com\/plugins\/video.php?href=https%3A%2F%2Fwww.facebook.com%2F2016CopaAmericaCentenario%2Fvideos%2F780659078702680%2F&amp;show_text=0&amp;width=621\" width=\"621\" height=\"414\" frameborder=\"0\" scrolling=\"no\" allowfullscreen=\"allowfullscreen\"><\/iframe><\/p>\n","protected":false},"excerpt":{"rendered":"<p>GradaDigital.com\u00a0&#8211; A\u00a0continuaci\u00f3n te presentamos en video las declaraciones del seleccionador venezolano Rafael Dudamel concedidas en rueda de prensa tras el empate (1-1) de Venezuela frente a M\u00e9xico este lunes, 13 de junio, en la tercera y \u00faltima jornada del Grupo C de la Copa Am\u00e9rica Centenario USA 2016.<\/p>\n","protected":false},"author":3,"featured_media":28392,"comment_status":"closed","ping_status":"closed","sticky":false,"template":"","format":"standard","meta":{"footnotes":""},"categories":[27,752,42,36,40,3],"tags":[],"class_list":["post-28391","post","type-post","status-publish","format-standard","has-post-thumbnail","hentry","category-video","category-appgd","category-copa-america","category-internacional","category-seleccion-nacional-mayores","category-seleccion-nacional"],"_links":{"self":[{"href":"http:\/\/gradadigital.com\/home\/wp-json\/wp\/v2\/posts\/28391","targetHints":{"allow":["GET"]}}],"collection":[{"href":"http:\/\/gradadigital.com\/home\/wp-json\/wp\/v2\/posts"}],"about":[{"href":"http:\/\/gradadigital.com\/home\/wp-json\/wp\/v2\/types\/post"}],"author":[{"embeddable":true,"href":"http:\/\/gradadigital.com\/home\/wp-json\/wp\/v2\/users\/3"}],"replies":[{"embeddable":true,"href":"http:\/\/gradadigital.com\/home\/wp-json\/wp\/v2\/comments?post=28391"}],"version-history":[{"count":3,"href":"http:\/\/gradadigital.com\/home\/wp-json\/wp\/v2\/posts\/28391\/revisions"}],"predecessor-version":[{"id":28415,"href":"http:\/\/gradadigital.com\/home\/wp-json\/wp\/v2\/posts\/28391\/revisions\/28415"}],"wp:featuredmedia":[{"embeddable":true,"href":"http:\/\/gradadigital.com\/home\/wp-json\/wp\/v2\/media\/28392"}],"wp:attachment":[{"href":"http:\/\/gradadigital.com\/home\/wp-json\/wp\/v2\/media?parent=28391"}],"wp:term":[{"taxonomy":"category","embeddable":true,"href":"http:\/\/gradadigital.com\/home\/wp-json\/wp\/v2\/categories?post=28391"},{"taxonomy":"post_tag","embeddable":true,"href":"http:\/\/gradadigital.com\/home\/wp-json\/wp\/v2\/tags?post=28391"}],"curies":[{"name":"wp","href":"https:\/\/api.w.org\/{rel}","templated":true}]}}