{"id":28249,"date":"2016-06-09T15:40:26","date_gmt":"2016-06-09T20:10:26","guid":{"rendered":"http:\/\/gradadigital.com\/home\/?p=28249"},"modified":"2016-06-09T15:43:45","modified_gmt":"2016-06-09T20:13:45","slug":"audio-dudamel-nuestras-aspiraciones-son-iguales-que-en-el-primer-partido","status":"publish","type":"post","link":"http:\/\/gradadigital.com\/home\/audio-dudamel-nuestras-aspiraciones-son-iguales-que-en-el-primer-partido\/","title":{"rendered":"+AUDIO | Dudamel: \u00abNuestras aspiraciones son iguales que en el primer partido\u00bb"},"content":{"rendered":"<p style=\"text-align: center;\"><img decoding=\"async\" src=\"http:\/\/gradadigital.com\/home\/wp-content\/uploads\/2016\/06\/rafael_dudamel_08062016.jpg\" \/><\/p>\n<p style=\"text-align: justify;\"><strong>EFE\u00a0&#8211;<\/strong> El seleccionador de Venezuela, Rafael Dudamel, dijo este mi\u00e9rcoles que es consciente de la delicada situaci\u00f3n de Uruguay de cara al duelo que los enfrentar\u00e1 este jueves en Filadelfia (EE.UU), aunque subray\u00f3 que los charr\u00faas son expertos en superar momentos comprometidos.<\/p>\n<p style=\"text-align: justify;\"><strong>\u00abSi hay un equipo que sabe reponerse a las dificultades, es Uruguay, y eso es digno de admirar. Ahora, que nosotros vayamos a dejarlos levantarse, intentaremos que no\u00bb<\/strong>, se\u00f1al\u00f3 Dudamel en rueda de prensa.<\/p>\n<p style=\"text-align: justify;\">El t\u00e9cnico afirm\u00f3 que el triunfo en el debut ante Jamaica le dio al plantel <strong>\u00abmucha tranquilidad y fortaleza\u00bb<\/strong>, y tiene presente que una victoria en la segunda jornada le asegurar\u00eda el billete a los cuartos de final, aunque llam\u00f3 a la prudencia.<\/p>\n<p style=\"text-align: justify;\"><strong>\u00abImagino un partido con una intensidad totalmente diferente al de Jamaica, con un rival con mucho oficio y de juego a\u00e9reo, que es una de sus principales herramientas para alcanzar los resultados\u00bb<\/strong>, apunt\u00f3.<\/p>\n<p style=\"text-align: justify;\">Dudamel asegur\u00f3 que la ausencia del ariete uruguayo Luis Su\u00e1rez no modifica la planificaci\u00f3n del compromiso porque la principal fortaleza de Uruguay, sostuvo, es el juego colectivo.<\/p>\n<p style=\"text-align: justify;\">El seleccionador dijo que espera una <strong>\u00abcompleta imparcialidad\u00bb<\/strong> de los \u00e1rbitros, a ra\u00edz de las quejas de los dirigentes del f\u00fatbol uruguayo por el arbitraje del partido en el que la Celeste cay\u00f3 frente a M\u00e9xico.<\/p>\n<p style=\"text-align: justify;\">Dudamel precis\u00f3 que no es un tema que le preocupe, pero prefiri\u00f3 hacer un <strong>\u00abllamado de atenci\u00f3n\u00bb<\/strong> para que todo el mundo est\u00e9 atento a los detalles.<\/p>\n<p style=\"text-align: justify;\"><strong>\u00abHay que tener jueces con mucho criterio y mucha personalidad cuando uno va a enfrentar a las selecciones grandes para que a la hora de tomar determinadas decisiones no les tiemble el pulso\u00bb<\/strong>, afirm\u00f3.<\/p>\n<p style=\"text-align: center;\"><strong>AUDIO<\/strong><br \/>\n<audio id=\"audio-24737-1\" class=\"wp-audio-shortcode\" style=\"width: 100%;\" preload=\"none\" controls=\"controls\"><source type=\"audio\/mpeg\" src=\"http:\/\/gradadigital.com\/home\/wp-content\/uploads\/2016\/06\/rueda_prensa_rafael_dudamel_08062016.mp3\" \/><a href=\"http:\/\/gradadigital.com\/home\/wp-content\/uploads\/2016\/06\/rueda_prensa_rafael_dudamel_08062016.mp3\">http:\/\/gradadigital.com\/home\/wp-content\/uploads\/2016\/06\/rueda_prensa_rafael_dudamel_08062016.mp3<\/a><\/audio><\/p>\n","protected":false},"excerpt":{"rendered":"<p>EFE\u00a0&#8211; El seleccionador de Venezuela, Rafael Dudamel, dijo este mi\u00e9rcoles que es consciente de la delicada situaci\u00f3n de Uruguay de cara al duelo que los enfrentar\u00e1 este jueves en Filadelfia (EE.UU), aunque subray\u00f3 que los charr\u00faas son expertos en superar momentos comprometidos. \u00abSi hay un equipo que sabe reponerse a las dificultades, es Uruguay, y &#8230;<\/p>\n","protected":false},"author":3,"featured_media":28252,"comment_status":"closed","ping_status":"closed","sticky":false,"template":"","format":"standard","meta":{"footnotes":""},"categories":[752,42,36,40,3],"tags":[],"class_list":["post-28249","post","type-post","status-publish","format-standard","has-post-thumbnail","hentry","category-appgd","category-copa-america","category-internacional","category-seleccion-nacional-mayores","category-seleccion-nacional"],"_links":{"self":[{"href":"http:\/\/gradadigital.com\/home\/wp-json\/wp\/v2\/posts\/28249","targetHints":{"allow":["GET"]}}],"collection":[{"href":"http:\/\/gradadigital.com\/home\/wp-json\/wp\/v2\/posts"}],"about":[{"href":"http:\/\/gradadigital.com\/home\/wp-json\/wp\/v2\/types\/post"}],"author":[{"embeddable":true,"href":"http:\/\/gradadigital.com\/home\/wp-json\/wp\/v2\/users\/3"}],"replies":[{"embeddable":true,"href":"http:\/\/gradadigital.com\/home\/wp-json\/wp\/v2\/comments?post=28249"}],"version-history":[{"count":1,"href":"http:\/\/gradadigital.com\/home\/wp-json\/wp\/v2\/posts\/28249\/revisions"}],"predecessor-version":[{"id":28254,"href":"http:\/\/gradadigital.com\/home\/wp-json\/wp\/v2\/posts\/28249\/revisions\/28254"}],"wp:featuredmedia":[{"embeddable":true,"href":"http:\/\/gradadigital.com\/home\/wp-json\/wp\/v2\/media\/28252"}],"wp:attachment":[{"href":"http:\/\/gradadigital.com\/home\/wp-json\/wp\/v2\/media?parent=28249"}],"wp:term":[{"taxonomy":"category","embeddable":true,"href":"http:\/\/gradadigital.com\/home\/wp-json\/wp\/v2\/categories?post=28249"},{"taxonomy":"post_tag","embeddable":true,"href":"http:\/\/gradadigital.com\/home\/wp-json\/wp\/v2\/tags?post=28249"}],"curies":[{"name":"wp","href":"https:\/\/api.w.org\/{rel}","templated":true}]}}