{"id":28180,"date":"2016-06-06T17:44:24","date_gmt":"2016-06-06T22:14:24","guid":{"rendered":"http:\/\/gradadigital.com\/home\/?p=28180"},"modified":"2016-06-06T17:48:18","modified_gmt":"2016-06-06T22:18:18","slug":"luis-manuel-seijas-afirma-que-venezuela-hizo-un-gran-partido","status":"publish","type":"post","link":"http:\/\/gradadigital.com\/home\/luis-manuel-seijas-afirma-que-venezuela-hizo-un-gran-partido\/","title":{"rendered":"Luis Manuel Seijas afirma que Venezuela hizo un gran partido"},"content":{"rendered":"<p class=\"text\" style=\"text-align: center;\"><img loading=\"lazy\" decoding=\"async\" class=\"alignnone size-full wp-image-28184\" src=\"http:\/\/gradadigital.com\/home\/wp-content\/uploads\/2016\/06\/luis_manuel_seijas_venezuela_jamaica_05062016.jpg\" alt=\"luis_manuel_seijas_venezuela_jamaica_05062016\" width=\"682\" height=\"455\" srcset=\"http:\/\/gradadigital.com\/home\/wp-content\/uploads\/2016\/06\/luis_manuel_seijas_venezuela_jamaica_05062016.jpg 682w, http:\/\/gradadigital.com\/home\/wp-content\/uploads\/2016\/06\/luis_manuel_seijas_venezuela_jamaica_05062016-300x200.jpg 300w\" sizes=\"auto, (max-width: 682px) 100vw, 682px\" \/><\/p>\n<p class=\"text\" style=\"text-align: justify;\"><strong>EFE &#8211;<\/strong> Luego de la victoria (0-1) de Venezuela frente a Jamaica por el Grupo C de la Copa Am\u00e9rica Centenario, el volante Luis Manuel Seijas destac\u00f3 que\u00a0la Vinotinto consigui\u00f3 mantener la posesi\u00f3n de la pelota, como les ped\u00eda el t\u00e9cnico Rafael Dudamel, y que el equipo hizo <strong>\u00abun gran partido\u00bb<\/strong>.<\/p>\n<p class=\"text\" style=\"text-align: justify;\">Admiti\u00f3 que hubo un momento en que Jamaica, <strong>\u00abpor su manera de jugar y con muchos pelotazos\u00bb<\/strong>, les hizo retroceder mucho, pero a\u00f1adi\u00f3 que en el tr\u00e1mite general del encuentro tuvieron la pelota y manejaron <strong>\u00abmuy bien el segundo tiempo\u00bb<\/strong>.<\/p>\n<p class=\"text\" style=\"text-align: justify;\">Para Seijas, era dif\u00edcil manejar la ansiedad despu\u00e9s de casi un a\u00f1o sin ganar compromisos internacionales. <strong>\u00abEs muy lindo empezar ganando, pero esto no es definitivo\u00bb<\/strong>, concluy\u00f3.<\/p>\n","protected":false},"excerpt":{"rendered":"<p>EFE &#8211; Luego de la victoria (0-1) de Venezuela frente a Jamaica por el Grupo C de la Copa Am\u00e9rica Centenario, el volante Luis Manuel Seijas destac\u00f3 que\u00a0la Vinotinto consigui\u00f3 mantener la posesi\u00f3n de la pelota, como les ped\u00eda el t\u00e9cnico Rafael Dudamel, y que el equipo hizo \u00abun gran partido\u00bb. Admiti\u00f3 que hubo un &#8230;<\/p>\n","protected":false},"author":3,"featured_media":28184,"comment_status":"closed","ping_status":"closed","sticky":false,"template":"","format":"standard","meta":{"footnotes":""},"categories":[752,42,36,40,3],"tags":[],"class_list":["post-28180","post","type-post","status-publish","format-standard","has-post-thumbnail","hentry","category-appgd","category-copa-america","category-internacional","category-seleccion-nacional-mayores","category-seleccion-nacional"],"_links":{"self":[{"href":"http:\/\/gradadigital.com\/home\/wp-json\/wp\/v2\/posts\/28180","targetHints":{"allow":["GET"]}}],"collection":[{"href":"http:\/\/gradadigital.com\/home\/wp-json\/wp\/v2\/posts"}],"about":[{"href":"http:\/\/gradadigital.com\/home\/wp-json\/wp\/v2\/types\/post"}],"author":[{"embeddable":true,"href":"http:\/\/gradadigital.com\/home\/wp-json\/wp\/v2\/users\/3"}],"replies":[{"embeddable":true,"href":"http:\/\/gradadigital.com\/home\/wp-json\/wp\/v2\/comments?post=28180"}],"version-history":[{"count":2,"href":"http:\/\/gradadigital.com\/home\/wp-json\/wp\/v2\/posts\/28180\/revisions"}],"predecessor-version":[{"id":28186,"href":"http:\/\/gradadigital.com\/home\/wp-json\/wp\/v2\/posts\/28180\/revisions\/28186"}],"wp:featuredmedia":[{"embeddable":true,"href":"http:\/\/gradadigital.com\/home\/wp-json\/wp\/v2\/media\/28184"}],"wp:attachment":[{"href":"http:\/\/gradadigital.com\/home\/wp-json\/wp\/v2\/media?parent=28180"}],"wp:term":[{"taxonomy":"category","embeddable":true,"href":"http:\/\/gradadigital.com\/home\/wp-json\/wp\/v2\/categories?post=28180"},{"taxonomy":"post_tag","embeddable":true,"href":"http:\/\/gradadigital.com\/home\/wp-json\/wp\/v2\/tags?post=28180"}],"curies":[{"name":"wp","href":"https:\/\/api.w.org\/{rel}","templated":true}]}}