{"id":28166,"date":"2016-06-06T09:23:03","date_gmt":"2016-06-06T13:53:03","guid":{"rendered":"http:\/\/gradadigital.com\/home\/?p=28166"},"modified":"2016-06-06T17:12:26","modified_gmt":"2016-06-06T21:42:26","slug":"jamaica-ha-perdido-por-1-0-todos-sus-partidos-de-la-copa-america","status":"publish","type":"post","link":"http:\/\/gradadigital.com\/home\/jamaica-ha-perdido-por-1-0-todos-sus-partidos-de-la-copa-america\/","title":{"rendered":"Jamaica ha perdido por 1-0 todos sus partidos de la Copa Am\u00e9rica"},"content":{"rendered":"<p style=\"text-align: center;\"><img loading=\"lazy\" decoding=\"async\" class=\"alignnone size-full wp-image-28177\" src=\"http:\/\/gradadigital.com\/home\/wp-content\/uploads\/2016\/06\/wes_morgan_venezuela_jamaica_05062016.jpg\" alt=\"wes_morgan_venezuela_jamaica_05062016\" width=\"682\" height=\"455\" srcset=\"http:\/\/gradadigital.com\/home\/wp-content\/uploads\/2016\/06\/wes_morgan_venezuela_jamaica_05062016.jpg 682w, http:\/\/gradadigital.com\/home\/wp-content\/uploads\/2016\/06\/wes_morgan_venezuela_jamaica_05062016-300x200.jpg 300w\" sizes=\"auto, (max-width: 682px) 100vw, 682px\" \/><\/p>\n<p style=\"text-align: justify;\"><strong>EFE &#8211;<\/strong> La selecci\u00f3n de Jamaica perdi\u00f3 hoy por 1-0 ante Venezuela en el cuarto partido de su historia en la Copa Am\u00e9rica, competici\u00f3n en la que se ha visto derrotada en todos los encuentros que ha disputado y siempre por el mismo marcador.<\/p>\n<p style=\"text-align: justify;\">Hace un a\u00f1o, la selecci\u00f3n de Jamaica fue invitada a participar en la Copa Am\u00e9rica de Chile y qued\u00f3 integrada en el mismo grupo que Uruguay, Paraguay y Argentina, que se impusieron siempre por la m\u00ednima al equipo que ya entonces dirig\u00eda el alem\u00e1n Winfried Sch\u00e4fer.<\/p>\n<p class=\"text\" style=\"text-align: justify;\">Ahora ha perdido por id\u00e9ntico tanteador ante Venezuela, pero tiene la oportunidad de cambiar esta din\u00e1mica en sus pr\u00f3ximos encuentros ante M\u00e9xico y Uruguay.<\/p>\n","protected":false},"excerpt":{"rendered":"<p>EFE &#8211; La selecci\u00f3n de Jamaica perdi\u00f3 hoy por 1-0 ante Venezuela en el cuarto partido de su historia en la Copa Am\u00e9rica, competici\u00f3n en la que se ha visto derrotada en todos los encuentros que ha disputado y siempre por el mismo marcador. Hace un a\u00f1o, la selecci\u00f3n de Jamaica fue invitada a participar &#8230;<\/p>\n","protected":false},"author":3,"featured_media":28177,"comment_status":"closed","ping_status":"closed","sticky":false,"template":"","format":"standard","meta":{"footnotes":""},"categories":[752,42,36],"tags":[],"class_list":["post-28166","post","type-post","status-publish","format-standard","has-post-thumbnail","hentry","category-appgd","category-copa-america","category-internacional"],"_links":{"self":[{"href":"http:\/\/gradadigital.com\/home\/wp-json\/wp\/v2\/posts\/28166","targetHints":{"allow":["GET"]}}],"collection":[{"href":"http:\/\/gradadigital.com\/home\/wp-json\/wp\/v2\/posts"}],"about":[{"href":"http:\/\/gradadigital.com\/home\/wp-json\/wp\/v2\/types\/post"}],"author":[{"embeddable":true,"href":"http:\/\/gradadigital.com\/home\/wp-json\/wp\/v2\/users\/3"}],"replies":[{"embeddable":true,"href":"http:\/\/gradadigital.com\/home\/wp-json\/wp\/v2\/comments?post=28166"}],"version-history":[{"count":3,"href":"http:\/\/gradadigital.com\/home\/wp-json\/wp\/v2\/posts\/28166\/revisions"}],"predecessor-version":[{"id":28178,"href":"http:\/\/gradadigital.com\/home\/wp-json\/wp\/v2\/posts\/28166\/revisions\/28178"}],"wp:featuredmedia":[{"embeddable":true,"href":"http:\/\/gradadigital.com\/home\/wp-json\/wp\/v2\/media\/28177"}],"wp:attachment":[{"href":"http:\/\/gradadigital.com\/home\/wp-json\/wp\/v2\/media?parent=28166"}],"wp:term":[{"taxonomy":"category","embeddable":true,"href":"http:\/\/gradadigital.com\/home\/wp-json\/wp\/v2\/categories?post=28166"},{"taxonomy":"post_tag","embeddable":true,"href":"http:\/\/gradadigital.com\/home\/wp-json\/wp\/v2\/tags?post=28166"}],"curies":[{"name":"wp","href":"https:\/\/api.w.org\/{rel}","templated":true}]}}