{"id":27986,"date":"2016-05-29T12:52:05","date_gmt":"2016-05-29T17:22:05","guid":{"rendered":"http:\/\/gradadigital.com\/home\/?p=27986"},"modified":"2016-05-29T12:52:05","modified_gmt":"2016-05-29T17:22:05","slug":"la-mitad-de-los-16-seleccionadores-repite-tras-estar-en-chile-2015","status":"publish","type":"post","link":"http:\/\/gradadigital.com\/home\/la-mitad-de-los-16-seleccionadores-repite-tras-estar-en-chile-2015\/","title":{"rendered":"La mitad de los 16 seleccionadores repite tras estar en Chile 2015"},"content":{"rendered":"<p style=\"text-align: center;\"><img decoding=\"async\" src=\"http:\/\/gradadigital.com\/home\/wp-content\/uploads\/2015\/07\/gerardo_martino_argentina.jpg\" \/><\/p>\n<p style=\"text-align: justify;\"><strong>EFE\u00a0&#8211;<\/strong> La mitad de los diecis\u00e9is seleccionadores que los equipos participantes en la Copa Am\u00e9rica Centenario ya dirigieron a sus respectivos equipos nacionales en la \u00faltima edici\u00f3n del torneo, disputada el a\u00f1o pasado en Chile.<\/p>\n<p style=\"text-align: justify;\">Entre los ocho t\u00e9cnicos que volver\u00e1n a dirigir a sus equipos en esta Copa hay cinco argentinos: Gerardo Martino (Argentina), Jos\u00e9 Pekerman (Colombia), Ram\u00f3n D\u00edaz (Paraguay), Ricardo Gareca (Per\u00fa) y Gustavo Quinteros (Ecuador), que tiene nacionalidad boliviana.<\/p>\n<p style=\"text-align: justify;\">Los otros tres entrenadores que tambi\u00e9n estuvieron en la Copa Am\u00e9rica celebrada en Chile son los de Uruguay, \u00d3scar Washington Tab\u00e1rez; Brasil, Carlos Cetano Bledorn \u00abDunga\u00bb, y Jamaica, el alem\u00e1n Winfried Sch\u00e4fer.<\/p>\n<p style=\"text-align: justify;\">Tab\u00e1rez dirigir\u00e1 por quinta vez a Uruguay en una Copa Am\u00e9rica, t\u00edtulo que ya gan\u00f3 en 2011, y se reencontrar\u00e1 con Sch\u00e4fer, a quien volver\u00e1 a enfrentarse en la fase de grupos despu\u00e9s de que los charr\u00faas ganaran por 1-0 a los jamaiquinos en 2015.<\/p>\n<p style=\"text-align: justify;\">Para Martino ser\u00e1 la cuarta vez que dirija a una selecci\u00f3n en una Copa Am\u00e9rica y en esta edici\u00f3n extraordinaria del torneo tiene la oportunidad de resarcirse de la final de 2015 que la Albiceleste perdi\u00f3 ante Chile en los penaltis.<\/p>\n<p style=\"text-align: justify;\">Dunga y Quinteros afrontan su tercera participaci\u00f3n en una Copa Am\u00e9rica como entrenadores, ya que el brasile\u00f1o dirigi\u00f3 a la Canarinha en 2007, cuando se proclam\u00f3 campe\u00f3n, y tambi\u00e9n en 2015, mientras que el argentino-boliviano estuvo al frente de Bolivia en la Copa de 2004 y de Ecuador en la de 2015.<\/p>\n<p style=\"text-align: justify;\">Gareca, Pekerman y D\u00edaz, por su parte, tendr\u00e1n en Estados Unidos su segunda experiencia al frente de selecciones en la Copa Am\u00e9rica despu\u00e9s de que se estrenaran en la edici\u00f3n celebrada en Chile.<\/p>\n<p style=\"text-align: justify;\">En el caso del seleccionador de Per\u00fa, Gareca volver\u00e1 a enfrentarse a Dunga en la fase de grupos despu\u00e9s de que el combinado brasile\u00f1o se impusiera por 2-1 al equipo peruano en el torneo del pasado a\u00f1o.<\/p>\n<p style=\"text-align: justify;\">Entre los otros ocho seleccionadores de esta Copa Am\u00e9rica que no estuvieron en la edici\u00f3n de 2015, solo el t\u00e9cnico de Panam\u00e1, el colombiano Hern\u00e1n Dar\u00edo \u00abBolillo\u00bb G\u00f3mez, dirigi\u00f3 anteriormente a equipos en esta competici\u00f3n.<\/p>\n<p style=\"text-align: justify;\">G\u00f3mez es el preparador que m\u00e1s experiencia acumula en Copa Am\u00e9rica de entre todos los entrenadores participantes en la edici\u00f3n Centenario, al haber participado en cinco citas, tres con Colombia (1995, 1997 y 2011) y dos con Ecuador (2001 y 2004).<\/p>\n<p style=\"text-align: justify;\">Los siete t\u00e9cnicos restantes son los seleccionadores de Chile, el argentino Juan Antonio Pizzi; de M\u00e9xico, el colombiano Juan Carlos Osorio; y de Venezuela, Rafael Dudamel.<\/p>\n<p style=\"text-align: justify;\">En la misma situaci\u00f3n est\u00e1n los preparadores de Estados Unidos, el alem\u00e1n J\u00fcrgen Klinsmann; de Costa Rica, \u00d3scar Ram\u00edrez; de Bolivia, Julio C\u00e9sar Baldivieso; y de Hait\u00ed, el franc\u00e9s Patrice Neveu, quienes se estrenan en la Copa Am\u00e9rica.<\/p>\n<p style=\"text-align: justify;\">Cuatro de ellos est\u00e1n al frente de selecciones que el a\u00f1o pasado estuvieron en el torneo celebrado en Chile, como es el caso de Pizzi, cuya misi\u00f3n ser\u00e1 defender el t\u00edtulo de campe\u00f3n obtenido por la Roja bajo la direcci\u00f3n de su compatriota Jorge Sampaoli.<\/p>\n<p style=\"text-align: justify;\">Asimismo, Osorio ocupa el lugar que el a\u00f1o pasado correspond\u00eda al medi\u00e1tico Miguel Herrera en la Tricolor, mientras que Dudamel sucedi\u00f3 en el cargo a Noel Sanvicente tras los malos resultados obtenidos en los \u00faltimos meses por la Vinotinto, y Baldivieso reemplaz\u00f3 a Mauricio Soria al frente de la Verde.<\/p>\n<p style=\"text-align: justify;\">Aunque haber participado en la edici\u00f3n de 2015 no garantiza el \u00e9xito para la actual Copa, las experiencias vividas por estos entrenadores en la \u00faltima edici\u00f3n pueden marcar la diferencia respecto a otros t\u00e9cnicos m\u00e1s novatos y con menos bagaje en este torneo, que apenas da descanso a sus equipos participantes.<\/p>\n","protected":false},"excerpt":{"rendered":"<p>EFE\u00a0&#8211; La mitad de los diecis\u00e9is seleccionadores que los equipos participantes en la Copa Am\u00e9rica Centenario ya dirigieron a sus respectivos equipos nacionales en la \u00faltima edici\u00f3n del torneo, disputada el a\u00f1o pasado en Chile. Entre los ocho t\u00e9cnicos que volver\u00e1n a dirigir a sus equipos en esta Copa hay cinco argentinos: Gerardo Martino (Argentina), &#8230;<\/p>\n","protected":false},"author":3,"featured_media":21398,"comment_status":"closed","ping_status":"closed","sticky":false,"template":"","format":"standard","meta":{"footnotes":""},"categories":[752,42,36,40,3],"tags":[],"class_list":["post-27986","post","type-post","status-publish","format-standard","has-post-thumbnail","hentry","category-appgd","category-copa-america","category-internacional","category-seleccion-nacional-mayores","category-seleccion-nacional"],"_links":{"self":[{"href":"http:\/\/gradadigital.com\/home\/wp-json\/wp\/v2\/posts\/27986","targetHints":{"allow":["GET"]}}],"collection":[{"href":"http:\/\/gradadigital.com\/home\/wp-json\/wp\/v2\/posts"}],"about":[{"href":"http:\/\/gradadigital.com\/home\/wp-json\/wp\/v2\/types\/post"}],"author":[{"embeddable":true,"href":"http:\/\/gradadigital.com\/home\/wp-json\/wp\/v2\/users\/3"}],"replies":[{"embeddable":true,"href":"http:\/\/gradadigital.com\/home\/wp-json\/wp\/v2\/comments?post=27986"}],"version-history":[{"count":1,"href":"http:\/\/gradadigital.com\/home\/wp-json\/wp\/v2\/posts\/27986\/revisions"}],"predecessor-version":[{"id":27987,"href":"http:\/\/gradadigital.com\/home\/wp-json\/wp\/v2\/posts\/27986\/revisions\/27987"}],"wp:featuredmedia":[{"embeddable":true,"href":"http:\/\/gradadigital.com\/home\/wp-json\/wp\/v2\/media\/21398"}],"wp:attachment":[{"href":"http:\/\/gradadigital.com\/home\/wp-json\/wp\/v2\/media?parent=27986"}],"wp:term":[{"taxonomy":"category","embeddable":true,"href":"http:\/\/gradadigital.com\/home\/wp-json\/wp\/v2\/categories?post=27986"},{"taxonomy":"post_tag","embeddable":true,"href":"http:\/\/gradadigital.com\/home\/wp-json\/wp\/v2\/tags?post=27986"}],"curies":[{"name":"wp","href":"https:\/\/api.w.org\/{rel}","templated":true}]}}