{"id":27946,"date":"2016-05-24T03:50:04","date_gmt":"2016-05-24T08:20:04","guid":{"rendered":"http:\/\/gradadigital.com\/home\/?p=27946"},"modified":"2016-05-24T03:53:50","modified_gmt":"2016-05-24T08:23:50","slug":"audio-victor-garcia-no-voy-a-la-copa-america-pero-trabajo-como-si-fuera","status":"publish","type":"post","link":"http:\/\/gradadigital.com\/home\/audio-victor-garcia-no-voy-a-la-copa-america-pero-trabajo-como-si-fuera\/","title":{"rendered":"+AUDIO | V\u00edctor Garc\u00eda: \u00abNo voy a la Copa Am\u00e9rica, pero trabajo como si fuera\u00bb"},"content":{"rendered":"<p style=\"text-align: center;\"><img decoding=\"async\" src=\"http:\/\/gradadigital.com\/home\/wp-content\/uploads\/2016\/05\/victor_garcia_venezuela.jpg\" \/><\/p>\n<p style=\"text-align: justify;\"><strong>Prensa Vinotinto &#8211;<\/strong> Venezuela enfrentar\u00e1 este martes, 24 de mayo, a Panam\u00e1 en el Estadio Rommel Fern\u00e1ndez de la capital paname\u00f1a, en lo que ser\u00e1 su segundo encuentro de preparaci\u00f3n para la Copa Am\u00e9rica Centenario luego de empatar (1-1) el pasado viernes con la selecci\u00f3n de Galicia.<\/p>\n<p style=\"text-align: justify;\">El lateral derecho V\u00edctor Garc\u00eda analiz\u00f3 el partido en suelo espa\u00f1ol. <strong>\u201cEstoy muy contento que este nuevo cuerpo t\u00e9cnico me haya dado la oportunidad de jugar ese partido contra la selecci\u00f3n de Galicia, una selecci\u00f3n que ten\u00eda a\u00f1os que no se reun\u00eda, pero que cuenta con jugadores de un alto nivel. Debo seguir aprovechando las oportunidades que me est\u00e1 dando el profe, no voy a la Copa Am\u00e9rica, pero trabajo como si fuera y seguir\u00e9 aportando a la selecci\u00f3n\u201d<\/strong>, explic\u00f3.<\/p>\n<p style=\"text-align: justify;\">Garc\u00eda, quien milita en el FC Porto \u201cB\u201d, vio sus primeros minutos con la selecci\u00f3n absoluta y no esconde la alegr\u00eda de poder vestir nuevamente la camiseta nacional. <strong>\u201cTrabajo igual, como si fuera a la Copa Am\u00e9rica, (voy a) dar lo mejor de m\u00ed. Trabajo para m\u00ed, para mi pa\u00eds, para la selecci\u00f3n, hay que aprovechar las oportunidades, ya vienen las Eliminatorias y estoy en una etapa de crecimiento todav\u00eda. Debo seguir aprovechando las oportunidades, porque el camino es largo\u201d<\/strong>, afirm\u00f3.<\/p>\n<p style=\"text-align: center;\"><strong>AUDIO<\/strong><br \/>\n<audio id=\"audio-24737-1\" class=\"wp-audio-shortcode\" style=\"width: 100%;\" preload=\"none\" controls=\"controls\"><source type=\"audio\/mpeg\" src=\"http:\/\/gradadigital.com\/home\/wp-content\/uploads\/2016\/05\/Entrevista-Victor-Garcia.mp3\" \/><a href=\"http:\/\/gradadigital.com\/home\/wp-content\/uploads\/2016\/05\/Entrevista-Victor-Garcia.mp3\">http:\/\/gradadigital.com\/home\/wp-content\/uploads\/2016\/05\/Entrevista-Victor-Garcia.mp3<\/a><\/audio><\/p>\n","protected":false},"excerpt":{"rendered":"<p>Prensa Vinotinto &#8211; Venezuela enfrentar\u00e1 este martes, 24 de mayo, a Panam\u00e1 en el Estadio Rommel Fern\u00e1ndez de la capital paname\u00f1a, en lo que ser\u00e1 su segundo encuentro de preparaci\u00f3n para la Copa Am\u00e9rica Centenario luego de empatar (1-1) el pasado viernes con la selecci\u00f3n de Galicia. El lateral derecho V\u00edctor Garc\u00eda analiz\u00f3 el partido &#8230;<\/p>\n","protected":false},"author":3,"featured_media":27947,"comment_status":"closed","ping_status":"closed","sticky":false,"template":"","format":"standard","meta":{"footnotes":""},"categories":[752,42,40,3],"tags":[],"class_list":["post-27946","post","type-post","status-publish","format-standard","has-post-thumbnail","hentry","category-appgd","category-copa-america","category-seleccion-nacional-mayores","category-seleccion-nacional"],"_links":{"self":[{"href":"http:\/\/gradadigital.com\/home\/wp-json\/wp\/v2\/posts\/27946","targetHints":{"allow":["GET"]}}],"collection":[{"href":"http:\/\/gradadigital.com\/home\/wp-json\/wp\/v2\/posts"}],"about":[{"href":"http:\/\/gradadigital.com\/home\/wp-json\/wp\/v2\/types\/post"}],"author":[{"embeddable":true,"href":"http:\/\/gradadigital.com\/home\/wp-json\/wp\/v2\/users\/3"}],"replies":[{"embeddable":true,"href":"http:\/\/gradadigital.com\/home\/wp-json\/wp\/v2\/comments?post=27946"}],"version-history":[{"count":1,"href":"http:\/\/gradadigital.com\/home\/wp-json\/wp\/v2\/posts\/27946\/revisions"}],"predecessor-version":[{"id":27950,"href":"http:\/\/gradadigital.com\/home\/wp-json\/wp\/v2\/posts\/27946\/revisions\/27950"}],"wp:featuredmedia":[{"embeddable":true,"href":"http:\/\/gradadigital.com\/home\/wp-json\/wp\/v2\/media\/27947"}],"wp:attachment":[{"href":"http:\/\/gradadigital.com\/home\/wp-json\/wp\/v2\/media?parent=27946"}],"wp:term":[{"taxonomy":"category","embeddable":true,"href":"http:\/\/gradadigital.com\/home\/wp-json\/wp\/v2\/categories?post=27946"},{"taxonomy":"post_tag","embeddable":true,"href":"http:\/\/gradadigital.com\/home\/wp-json\/wp\/v2\/tags?post=27946"}],"curies":[{"name":"wp","href":"https:\/\/api.w.org\/{rel}","templated":true}]}}