{"id":27890,"date":"2016-05-21T01:49:59","date_gmt":"2016-05-21T06:19:59","guid":{"rendered":"http:\/\/gradadigital.com\/home\/?p=27890"},"modified":"2016-05-24T17:08:10","modified_gmt":"2016-05-24T21:38:10","slug":"audio-dudamel-enfrentamos-un-combinado-que-nos-exigio-de-muy-buena-forma","status":"publish","type":"post","link":"http:\/\/gradadigital.com\/home\/audio-dudamel-enfrentamos-un-combinado-que-nos-exigio-de-muy-buena-forma\/","title":{"rendered":"AUDIO | Dudamel: \u00abEnfrentamos un combinado que nos exigi\u00f3 de muy buena forma\u00bb"},"content":{"rendered":"<p style=\"text-align: center;\"><img decoding=\"async\" src=\"http:\/\/gradadigital.com\/home\/wp-content\/uploads\/2016\/05\/rafael_dudamel_galicia_venezuela_20052016.jpg\" \/><\/p>\n<p style=\"text-align: justify;\"><strong>GradaDigital.com &#8211;<\/strong> A continuaci\u00f3n te presentamos el audio de la rueda de prensa que ofreci\u00f3 el\u00a0director t\u00e9cnico, Rafael Dudamel, este viernes, 20 de mayo, tras el\u00a0empate (1-1) de Venezuela con la selecci\u00f3n de Galicia\u00a0en el estadio Riazor (La Coru\u00f1a).<\/p>\n<p style=\"text-align: justify;\"><strong>\u00abHemos enfrentado a un buen combinado que nos ha exigido de muy buena forma y la respuesta individual, y en algunos pasajes colectivo, tambi\u00e9n fue buena\u00bb<\/strong>, dijo el estratega Vinotinto,\u00a0quien tambi\u00e9n declar\u00f3 que el encuentro con el once gallego le permiti\u00f3 <strong>\u00abcorroborar en qu\u00e9 estado\u00bb<\/strong> se encontraba cada jugador de cara a dar <strong>\u00abla lista de 23\u00bb<\/strong> para la Copa Am\u00e9rica, que se disputar\u00e1 del 3 al 26 de junio en Estados Unidos.<\/p>\n<p style=\"text-align: center;\"><strong>AUDIO<\/strong><br \/>\n<audio id=\"audio-24737-1\" class=\"wp-audio-shortcode\" style=\"width: 100%;\" preload=\"none\" controls=\"controls\"><source type=\"audio\/mpeg\" src=\"http:\/\/gradadigital.com\/home\/wp-content\/uploads\/2016\/05\/rafael_dudamel_galicia_venezuela_20052016.mp3\" \/><a href=\"http:\/\/gradadigital.com\/home\/wp-content\/uploads\/2016\/05\/rafael_dudamel_galicia_venezuela_20052016.mp3\">http:\/\/gradadigital.com\/home\/wp-content\/uploads\/2016\/04\/wilker_angel_05042016.mp3<\/a><\/audio><\/p>\n","protected":false},"excerpt":{"rendered":"<p>GradaDigital.com &#8211; A continuaci\u00f3n te presentamos el audio de la rueda de prensa que ofreci\u00f3 el\u00a0director t\u00e9cnico, Rafael Dudamel, este viernes, 20 de mayo, tras el\u00a0empate (1-1) de Venezuela con la selecci\u00f3n de Galicia\u00a0en el estadio Riazor (La Coru\u00f1a). \u00abHemos enfrentado a un buen combinado que nos ha exigido de muy buena forma y la &#8230;<\/p>\n","protected":false},"author":3,"featured_media":27893,"comment_status":"closed","ping_status":"closed","sticky":false,"template":"","format":"standard","meta":{"footnotes":""},"categories":[752,42,40,3],"tags":[],"class_list":["post-27890","post","type-post","status-publish","format-standard","has-post-thumbnail","hentry","category-appgd","category-copa-america","category-seleccion-nacional-mayores","category-seleccion-nacional"],"_links":{"self":[{"href":"http:\/\/gradadigital.com\/home\/wp-json\/wp\/v2\/posts\/27890","targetHints":{"allow":["GET"]}}],"collection":[{"href":"http:\/\/gradadigital.com\/home\/wp-json\/wp\/v2\/posts"}],"about":[{"href":"http:\/\/gradadigital.com\/home\/wp-json\/wp\/v2\/types\/post"}],"author":[{"embeddable":true,"href":"http:\/\/gradadigital.com\/home\/wp-json\/wp\/v2\/users\/3"}],"replies":[{"embeddable":true,"href":"http:\/\/gradadigital.com\/home\/wp-json\/wp\/v2\/comments?post=27890"}],"version-history":[{"count":2,"href":"http:\/\/gradadigital.com\/home\/wp-json\/wp\/v2\/posts\/27890\/revisions"}],"predecessor-version":[{"id":27964,"href":"http:\/\/gradadigital.com\/home\/wp-json\/wp\/v2\/posts\/27890\/revisions\/27964"}],"wp:featuredmedia":[{"embeddable":true,"href":"http:\/\/gradadigital.com\/home\/wp-json\/wp\/v2\/media\/27893"}],"wp:attachment":[{"href":"http:\/\/gradadigital.com\/home\/wp-json\/wp\/v2\/media?parent=27890"}],"wp:term":[{"taxonomy":"category","embeddable":true,"href":"http:\/\/gradadigital.com\/home\/wp-json\/wp\/v2\/categories?post=27890"},{"taxonomy":"post_tag","embeddable":true,"href":"http:\/\/gradadigital.com\/home\/wp-json\/wp\/v2\/tags?post=27890"}],"curies":[{"name":"wp","href":"https:\/\/api.w.org\/{rel}","templated":true}]}}