{"id":27635,"date":"2016-05-04T20:49:36","date_gmt":"2016-05-05T01:19:36","guid":{"rendered":"http:\/\/gradadigital.com\/home\/?p=27635"},"modified":"2016-05-04T20:49:36","modified_gmt":"2016-05-05T01:19:36","slug":"la-venezolana-stefany-hernandez-suena-con-el-oro-en-rio","status":"publish","type":"post","link":"http:\/\/gradadigital.com\/home\/la-venezolana-stefany-hernandez-suena-con-el-oro-en-rio\/","title":{"rendered":"La venezolana Stefany Hern\u00e1ndez sue\u00f1a con el oro en R\u00edo"},"content":{"rendered":"<p style=\"text-align: center;\"><img loading=\"lazy\" decoding=\"async\" class=\"alignnone size-full wp-image-27636\" src=\"http:\/\/gradadigital.com\/home\/wp-content\/uploads\/2016\/05\/stefany_hernandez.jpg\" alt=\"stefany_hernandez\" width=\"682\" height=\"455\" srcset=\"http:\/\/gradadigital.com\/home\/wp-content\/uploads\/2016\/05\/stefany_hernandez.jpg 682w, http:\/\/gradadigital.com\/home\/wp-content\/uploads\/2016\/05\/stefany_hernandez-300x200.jpg 300w\" sizes=\"auto, (max-width: 682px) 100vw, 682px\" \/><\/p>\n<p style=\"text-align: justify;\"><strong>Mar\u00eda Jos\u00e9 Rey Palermo\/ EFE &#8211;<\/strong> La bicicrosista Stefany Hern\u00e1ndez quiere ser la primera campeona ol\u00edmpica de Venezuela en R\u00edo de Janeiro 2016, y as\u00ed acompa\u00f1ar a Francisco &#8216;Morochito&#8217; Rodr\u00edguez (M\u00e9xico 1968) y Rub\u00e9n Limardo (Londres 2012), quienes son los \u00fanicos atletas de este pa\u00eds en ganar oro en unos Juegos Ol\u00edmpicos.<\/p>\n<p style=\"text-align: justify;\"><strong>\u00abQuiero ser la primera campeona ol\u00edmpica de Venezuela, es mi meta en este 2016. Quiero ser la n\u00famero uno en este deporte\u00bb<\/strong>, asegur\u00f3 a EFE Hern\u00e1ndez, quien el a\u00f1o pasado se coron\u00f3 en el Campeonato Mundial de BMX en B\u00e9lgica, un t\u00edtulo que tambi\u00e9n quiere repetir.<\/p>\n<p style=\"text-align: justify;\"><strong>\u00abCon lo que tengo soy capaz de ser campeona mundial otra vez\u00bb<\/strong>, dijo sobre la competencia que se disputar\u00e1 a partir del pr\u00f3ximo 25 de mayo en Medell\u00edn, Colombia.<\/p>\n<p style=\"text-align: justify;\"><strong>\u00abPara Medell\u00edn tengo en mente llegar en muy buen nivel tanto en forma f\u00edsica como mental y espiritual. El objetivo es hacer las mejores vueltas y estoy haciendo todo lo que est\u00e1 a mi alcance. Esperemos que todo salga como lo he visualizado y pueda volver a titularme como campeona del mundo\u00bb<\/strong>, asever\u00f3.<\/p>\n<p style=\"text-align: justify;\">All\u00ed volver\u00e1 a enfrentar a la colombiana Mariana Paj\u00f3n, quien fue medallista de oro en Londres 2012, y a la estadounidense Alise Post sus principales rivales en el objetivo de ser la n\u00famero uno.<\/p>\n<p style=\"text-align: justify;\"><strong>\u00abMi relaci\u00f3n con ambas es muy buena, muy positiva, aunque con Mariana nos conocemos m\u00e1s desde peque\u00f1as y entre las familias. Hay una bonita relaci\u00f3n\u00bb<\/strong>, coment\u00f3 Stefany quien se prepara para asistir a sus segundos Juegos Ol\u00edmpicos.<\/p>\n<p style=\"text-align: justify;\"><strong>\u00abR\u00edo de Janeiro van a ser mis segundos Juegos y nada que ver con lo que fue la experiencia para llegar a Londres 2012, que fue un camino con much\u00edsimas barreras. Tuve que superar una lesi\u00f3n y distintas dificultades a nivel econ\u00f3mico, pero cumplimos con la meta de convertirnos en una atleta ol\u00edmpico\u00bb<\/strong>, dijo.<\/p>\n<p style=\"text-align: justify;\">La ciclista venezolana se muestra muy entusiasmada con el desempe\u00f1o que aspira tener en las pr\u00f3ximas competencias, a pesar de que desde principios de a\u00f1o no ha tenido los mejores resultados en las Copas del Mundo que corri\u00f3 en Argentina e Inglaterra.<\/p>\n<p style=\"text-align: justify;\"><strong>\u00abUn peque\u00f1o error en Argentina me sac\u00f3 de competencia y en Manchester me vi envuelta en una ca\u00edda m\u00faltiple, pero estos resultados no tienen nada que ver con las sensaciones que tengo y con el nivel en el que estoy actualmente\u00bb<\/strong>, confes\u00f3.<\/p>\n<p style=\"text-align: justify;\">Stefany reafirma que se siente <strong>\u00abs\u00faper bien\u00bb<\/strong> y que ha seguido evolucionando: <strong>\u00abdi un paso m\u00e1s all\u00e1 de lo que era en 2015 como atleta. Estoy m\u00e1s fuerte y he trabajado en el dominio de la bicicleta\u00bb<\/strong>.<\/p>\n<p style=\"text-align: justify;\"><strong>\u00abSiento que el nivel en el que estoy ahora es m\u00e1s elevado que el del a\u00f1o pasado, en el que estuve siempre en el &#8216;top&#8217; tres en las competencias, solo que ahora en las Copas de\u00f1 Mundo no hemos tenido mejores resultados\u00bb<\/strong>, consider\u00f3.<\/p>\n<p style=\"text-align: justify;\">En R\u00edo de Janeiro, Hern\u00e1ndez correr\u00e1 en una pista ya conocida pues fue invitada hace algunos meses a Brasil para evaluarla junto a otras atletas del BMX.<\/p>\n<p style=\"text-align: justify;\"><strong>\u00abEs una pista favorable para m\u00ed, con un nivel t\u00e9cnico exigente, pero con una primera recta bien larga donde se puede meter all\u00ed toda la fuerza y velocidad. Se puede manejar llevando la delantera o modo cazador, que es como me gusta porque tengo el control de en cu\u00e1les puntos puedo pasar\u00bb<\/strong>, afirm\u00f3.<\/p>\n<p style=\"text-align: justify;\"><strong>\u00abCreo que haber montado en esa pista es algo que te da mucha confianza porque es un lugar que es conocido, que sientes que te pertenece. Es como correr en casa\u00bb<\/strong>, agreg\u00f3.<\/p>\n<p style=\"text-align: justify;\">La ambici\u00f3n de Stefany no conoce l\u00edmite y tambi\u00e9n anhela ser elegida como la abanderada de Venezuela en R\u00edo de Janeiro.<\/p>\n<p style=\"text-align: justify;\"><strong>\u00abLo deseo, creo que ser\u00eda una oportunidad muy bonita de llevar la bandera de mi pa\u00eds en los Juegos Ol\u00edmpicos, representando a 30 millones de venezolanos y transmitir coraje, garra, lucha y pasi\u00f3n\u00bb<\/strong>, asegur\u00f3.<\/p>\n","protected":false},"excerpt":{"rendered":"<p>Mar\u00eda Jos\u00e9 Rey Palermo\/ EFE &#8211; La bicicrosista Stefany Hern\u00e1ndez quiere ser la primera campeona ol\u00edmpica de Venezuela en R\u00edo de Janeiro 2016, y as\u00ed acompa\u00f1ar a Francisco &#8216;Morochito&#8217; Rodr\u00edguez (M\u00e9xico 1968) y Rub\u00e9n Limardo (Londres 2012), quienes son los \u00fanicos atletas de este pa\u00eds en ganar oro en unos Juegos Ol\u00edmpicos. \u00abQuiero ser la &#8230;<\/p>\n","protected":false},"author":3,"featured_media":27636,"comment_status":"closed","ping_status":"closed","sticky":false,"template":"","format":"standard","meta":{"footnotes":""},"categories":[752,1879],"tags":[],"class_list":["post-27635","post","type-post","status-publish","format-standard","has-post-thumbnail","hentry","category-appgd","category-en-offside"],"_links":{"self":[{"href":"http:\/\/gradadigital.com\/home\/wp-json\/wp\/v2\/posts\/27635","targetHints":{"allow":["GET"]}}],"collection":[{"href":"http:\/\/gradadigital.com\/home\/wp-json\/wp\/v2\/posts"}],"about":[{"href":"http:\/\/gradadigital.com\/home\/wp-json\/wp\/v2\/types\/post"}],"author":[{"embeddable":true,"href":"http:\/\/gradadigital.com\/home\/wp-json\/wp\/v2\/users\/3"}],"replies":[{"embeddable":true,"href":"http:\/\/gradadigital.com\/home\/wp-json\/wp\/v2\/comments?post=27635"}],"version-history":[{"count":1,"href":"http:\/\/gradadigital.com\/home\/wp-json\/wp\/v2\/posts\/27635\/revisions"}],"predecessor-version":[{"id":27637,"href":"http:\/\/gradadigital.com\/home\/wp-json\/wp\/v2\/posts\/27635\/revisions\/27637"}],"wp:featuredmedia":[{"embeddable":true,"href":"http:\/\/gradadigital.com\/home\/wp-json\/wp\/v2\/media\/27636"}],"wp:attachment":[{"href":"http:\/\/gradadigital.com\/home\/wp-json\/wp\/v2\/media?parent=27635"}],"wp:term":[{"taxonomy":"category","embeddable":true,"href":"http:\/\/gradadigital.com\/home\/wp-json\/wp\/v2\/categories?post=27635"},{"taxonomy":"post_tag","embeddable":true,"href":"http:\/\/gradadigital.com\/home\/wp-json\/wp\/v2\/tags?post=27635"}],"curies":[{"name":"wp","href":"https:\/\/api.w.org\/{rel}","templated":true}]}}