{"id":27514,"date":"2016-04-27T18:51:56","date_gmt":"2016-04-27T23:21:56","guid":{"rendered":"http:\/\/gradadigital.com\/home\/?p=27514"},"modified":"2016-04-27T18:51:56","modified_gmt":"2016-04-27T23:21:56","slug":"rafael-acosta-siempre-es-importante-ganar","status":"publish","type":"post","link":"http:\/\/gradadigital.com\/home\/rafael-acosta-siempre-es-importante-ganar\/","title":{"rendered":"Rafael Acosta: \u201cSiempre es importante ganar\u201d"},"content":{"rendered":"<p style=\"text-align: center;\"><a href=\"http:\/\/gradadigital.com\/home\/wp-content\/uploads\/2016\/04\/mineros_calentamiento_27042016.jpg\"><img loading=\"lazy\" decoding=\"async\" class=\"alignnone size-full wp-image-27515\" src=\"http:\/\/gradadigital.com\/home\/wp-content\/uploads\/2016\/04\/mineros_calentamiento_27042016.jpg\" alt=\"mineros_calentamiento_27042016\" width=\"682\" height=\"455\" srcset=\"http:\/\/gradadigital.com\/home\/wp-content\/uploads\/2016\/04\/mineros_calentamiento_27042016.jpg 682w, http:\/\/gradadigital.com\/home\/wp-content\/uploads\/2016\/04\/mineros_calentamiento_27042016-300x200.jpg 300w\" sizes=\"auto, (max-width: 682px) 100vw, 682px\" \/><\/a><\/p>\n<p style=\"text-align: justify;\"><strong>Prensa Mineros de Guayana &#8211;\u00a0<\/strong>Contando con una semana para preparar el encuentro ante Caracas FC, los dirigidos por Jos\u00e9 de Jes\u00fas Vera retornaron a los entrenamientos este martes en horas de la ma\u00f1ana, buscando afinar los detalles correspondientes para conseguir el objetivo de sumar completo en el estadio Ol\u00edmpico de la UCV, adem\u00e1s de certificar el pase al octogonal final que iniciar\u00e1 el 11 de mayo.<\/p>\n<p style=\"text-align: justify;\">Asimismo, los jugadores que vieron acci\u00f3n frente a la escuadra portuguese\u00f1a en la jornada dominical, realizaron trabajos regenerativos bajo las \u00f3rdenes del cuerpo t\u00e9cnico minerista.<\/p>\n<p style=\"text-align: justify;\"><strong>Acosta contento por volver<\/strong><\/p>\n<p style=\"text-align: justify;\">Recuperado de una contractura que lo mantuvo alejado de las canchas, el minerista Rafael Acosta aport\u00f3 en el triunfo 5-2 frente a Llaneros E.F, en el marco de la decimos\u00e9ptima jornada del Apertura 2016.<\/p>\n<p style=\"text-align: justify;\">El volante mixto regres\u00f3 a la competencia luego de haberse perdido dos fechas por molestias f\u00edsicas en el muslo de su pierna derecha. Para el oriundo de Caracas, el factor clave para obtener un triunfo frente al cuadro rojo, consistir\u00e1 en mantener el buen f\u00fatbol y en recargar energ\u00edas tras un exigente calendario.<\/p>\n<p style=\"text-align: justify;\"><strong>\u201cSiempre es importante ganar. Ven\u00edamos de sumar varios empates en casa. Gracias a Dios obtuvimos un buen resultado, y ahora lo que toca es recuperarnos para seguir mostrando nuestro buen juego e intentar traernos los tres puntos de Caracas\u201d<\/strong>, afirm\u00f3 el dorsal 20 minerista.<\/p>\n<p style=\"text-align: justify;\"><strong>Tiempo de preparaci\u00f3n<\/strong><\/p>\n<p style=\"text-align: justify;\">De igual forma, Acosta destac\u00f3 que para el plantel es favorable disponer de varios d\u00edas de sesiones de entrenamientos continuas, con el fin de ajustar aspectos t\u00e1cticos y f\u00edsicos necesarios.<\/p>\n<p style=\"text-align: justify;\"><strong>\u00a0<\/strong><strong>\u201cAfortunadamente podremos trabajar a lo largo de esta semana, ya que cuando se juega entre mi\u00e9rcoles y domingo no se da el tiempo adecuado para organizar los partidos, as\u00ed que tambi\u00e9n tendremos la posibilidad de arribar a la capital en mejores condiciones f\u00edsicas\u201d,<\/strong> dijo el mediocentro defensivo.<\/p>\n<p style=\"text-align: justify;\">Por \u00faltimo, el futbolista del combinado guayan\u00e9s se\u00f1al\u00f3 sentirse bien y estar completamente enfocado en aportar su m\u00e1ximo esfuerzo para ayudar al grupo, en la consecuci\u00f3n de futuros \u00e9xitos dentro del campeonato.<\/p>\n","protected":false},"excerpt":{"rendered":"<p>Prensa Mineros de Guayana &#8211;\u00a0Contando con una semana para preparar el encuentro ante Caracas FC, los dirigidos por Jos\u00e9 de Jes\u00fas Vera retornaron a los entrenamientos este martes en horas de la ma\u00f1ana, buscando afinar los detalles correspondientes para conseguir el objetivo de sumar completo en el estadio Ol\u00edmpico de la UCV, adem\u00e1s de certificar &#8230;<\/p>\n","protected":false},"author":8,"featured_media":27515,"comment_status":"closed","ping_status":"closed","sticky":false,"template":"","format":"standard","meta":{"footnotes":""},"categories":[752,9,5,15,31],"tags":[],"class_list":["post-27514","post","type-post","status-publish","format-standard","has-post-thumbnail","hentry","category-appgd","category-caracas-fc","category-futbol-nacional","category-mineros-de-guayana","category-primera-division"],"_links":{"self":[{"href":"http:\/\/gradadigital.com\/home\/wp-json\/wp\/v2\/posts\/27514","targetHints":{"allow":["GET"]}}],"collection":[{"href":"http:\/\/gradadigital.com\/home\/wp-json\/wp\/v2\/posts"}],"about":[{"href":"http:\/\/gradadigital.com\/home\/wp-json\/wp\/v2\/types\/post"}],"author":[{"embeddable":true,"href":"http:\/\/gradadigital.com\/home\/wp-json\/wp\/v2\/users\/8"}],"replies":[{"embeddable":true,"href":"http:\/\/gradadigital.com\/home\/wp-json\/wp\/v2\/comments?post=27514"}],"version-history":[{"count":1,"href":"http:\/\/gradadigital.com\/home\/wp-json\/wp\/v2\/posts\/27514\/revisions"}],"predecessor-version":[{"id":27516,"href":"http:\/\/gradadigital.com\/home\/wp-json\/wp\/v2\/posts\/27514\/revisions\/27516"}],"wp:featuredmedia":[{"embeddable":true,"href":"http:\/\/gradadigital.com\/home\/wp-json\/wp\/v2\/media\/27515"}],"wp:attachment":[{"href":"http:\/\/gradadigital.com\/home\/wp-json\/wp\/v2\/media?parent=27514"}],"wp:term":[{"taxonomy":"category","embeddable":true,"href":"http:\/\/gradadigital.com\/home\/wp-json\/wp\/v2\/categories?post=27514"},{"taxonomy":"post_tag","embeddable":true,"href":"http:\/\/gradadigital.com\/home\/wp-json\/wp\/v2\/tags?post=27514"}],"curies":[{"name":"wp","href":"https:\/\/api.w.org\/{rel}","templated":true}]}}